{"id":19455,"date":"2023-04-19T14:48:14","date_gmt":"2023-04-19T12:48:14","guid":{"rendered":"https:\/\/splegowo.pl\/?p=19455"},"modified":"2023-04-19T14:48:16","modified_gmt":"2023-04-19T12:48:16","slug":"konkurs-fotograficzny-moja-kolorowa-gmina-pruszcz-gdanski","status":"publish","type":"post","link":"https:\/\/splegowo.pl\/index.php\/2023\/04\/19\/konkurs-fotograficzny-moja-kolorowa-gmina-pruszcz-gdanski\/","title":{"rendered":"Konkurs fotograficzny &#8222;Moja kolorowa gmina Pruszcz Gda\u0144ski&#8221;"},"content":{"rendered":"\n<p>W imieniu W\u00f3jt Gminy Pruszcz Gda\u0144ski Pani Magdaleny Ko\u0142odziejczak, oraz dyrektora OKSiBP Grzegorza Cwali\u0144skiego zach\u0119camy do wzi\u0119cia udzia\u0142u w konkursie fotograficznym &#8222;Moja kolorowa gmina Pruszcz Gda\u0144ski&#8221;.<\/p>\n\n\n\n<p>Szczeg\u00f3\u0142y na stronie: <a rel=\"noreferrer noopener\" href=\"https:\/\/www.oksibp.pruszczgda.pl\/kultura\/4141-moja-kolorowa-gmina-w-obiektywie\" target=\"_blank\">https:\/\/www.oksibp.pruszczgda.pl\/kultura\/4141-moja-kolorowa-gmina-w-obiektywie<\/a> <\/p>\n\n\n\n<figure class=\"wp-block-image size-large\"><img decoding=\"async\" loading=\"lazy\" width=\"724\" height=\"1024\" src=\"https:\/\/splegowo.pl\/wp-content\/uploads\/2023\/04\/PLAKAT_KONKURS_FOTO_01_A3_mini-724x1024.png\" alt=\"Plakat konkursowy\" class=\"wp-image-19456\" srcset=\"https:\/\/splegowo.pl\/wp-content\/uploads\/2023\/04\/PLAKAT_KONKURS_FOTO_01_A3_mini-724x1024.png 724w, https:\/\/splegowo.pl\/wp-content\/uploads\/2023\/04\/PLAKAT_KONKURS_FOTO_01_A3_mini-212x300.png 212w, https:\/\/splegowo.pl\/wp-content\/uploads\/2023\/04\/PLAKAT_KONKURS_FOTO_01_A3_mini-768x1087.png 768w, https:\/\/splegowo.pl\/wp-content\/uploads\/2023\/04\/PLAKAT_KONKURS_FOTO_01_A3_mini.png 877w\" sizes=\"(max-width: 724px) 100vw, 724px\" \/><\/figure>\n","protected":false},"excerpt":{"rendered":"<p>W imieniu W\u00f3jt Gminy Pruszcz Gda\u0144ski Pani Magdaleny Ko\u0142odziejczak, oraz dyrektora OKSiBP Grzegorza Cwali\u0144skiego zach\u0119camy do wzi\u0119cia udzia\u0142u w konkursie &hellip; <\/p>\n","protected":false},"author":1,"featured_media":19457,"comment_status":"closed","ping_status":"open","sticky":false,"template":"","format":"standard","meta":[],"categories":[29,1,34],"tags":[],"_links":{"self":[{"href":"https:\/\/splegowo.pl\/index.php\/wp-json\/wp\/v2\/posts\/19455"}],"collection":[{"href":"https:\/\/splegowo.pl\/index.php\/wp-json\/wp\/v2\/posts"}],"about":[{"href":"https:\/\/splegowo.pl\/index.php\/wp-json\/wp\/v2\/types\/post"}],"author":[{"embeddable":true,"href":"https:\/\/splegowo.pl\/index.php\/wp-json\/wp\/v2\/users\/1"}],"replies":[{"embeddable":true,"href":"https:\/\/splegowo.pl\/index.php\/wp-json\/wp\/v2\/comments?post=19455"}],"version-history":[{"count":1,"href":"https:\/\/splegowo.pl\/index.php\/wp-json\/wp\/v2\/posts\/19455\/revisions"}],"predecessor-version":[{"id":19458,"href":"https:\/\/splegowo.pl\/index.php\/wp-json\/wp\/v2\/posts\/19455\/revisions\/19458"}],"wp:featuredmedia":[{"embeddable":true,"href":"https:\/\/splegowo.pl\/index.php\/wp-json\/wp\/v2\/media\/19457"}],"wp:attachment":[{"href":"https:\/\/splegowo.pl\/index.php\/wp-json\/wp\/v2\/media?parent=19455"}],"wp:term":[{"taxonomy":"category","embeddable":true,"href":"https:\/\/splegowo.pl\/index.php\/wp-json\/wp\/v2\/categories?post=19455"},{"taxonomy":"post_tag","embeddable":true,"href":"https:\/\/splegowo.pl\/index.php\/wp-json\/wp\/v2\/tags?post=19455"}],"curies":[{"name":"wp","href":"https:\/\/api.w.org\/{rel}","templated":true}]}}