{"id":19449,"date":"2023-04-19T09:13:41","date_gmt":"2023-04-19T07:13:41","guid":{"rendered":"https:\/\/splegowo.pl\/?p=19449"},"modified":"2023-04-19T09:13:42","modified_gmt":"2023-04-19T07:13:42","slug":"ii-gminny-konkurs-fotograficzny","status":"publish","type":"post","link":"https:\/\/splegowo.pl\/index.php\/2023\/04\/19\/ii-gminny-konkurs-fotograficzny\/","title":{"rendered":"II Gminny Konkurs Fotograficzny"},"content":{"rendered":"\n<p><strong>Szko\u0142a Podstawowa im. Karola Wojty\u0142y w Rotmance zaprasza do udzia\u0142u w II Gminnym&nbsp;Konkursie&nbsp;Fotograficznym<\/strong><\/p>\n\n\n\n<p><em>Tegoroczne has\u0142o&nbsp;Konkursu:&nbsp;<strong>\u201eDostrzec niewidoczne pi\u0119kno przyrody\u201d<\/strong><\/em><\/p>\n\n\n\n<p>Koordynatorzy&nbsp;konkursu: Ma\u0142gorzata Kiciak, Monika Kulas<\/p>\n\n\n\n<p>Celem&nbsp;konkursu&nbsp;jest:<\/p>\n\n\n\n<p>\u00b7&nbsp;&nbsp;&nbsp;&nbsp;&nbsp;&nbsp;&nbsp;&nbsp;kszta\u0142towanie w\u0142a\u015bciwej postawy wobec przyrody i \u015brodowiska,<\/p>\n\n\n\n<p>\u00b7&nbsp;&nbsp;&nbsp;&nbsp;&nbsp;&nbsp;&nbsp;&nbsp;rozwijanie kreatywno\u015bci,<\/p>\n\n\n\n<p>\u00b7&nbsp;&nbsp;&nbsp;&nbsp;&nbsp;&nbsp;&nbsp;&nbsp;propagowanie fotografii jako kreatywnej formy sp\u0119dzania wolnego czasu,<\/p>\n\n\n\n<p>\u00b7&nbsp;&nbsp;&nbsp;&nbsp;&nbsp;&nbsp;&nbsp;&nbsp;uwra\u017cliwienie na pi\u0119kno naszego regionu<\/p>\n\n\n\n<p>Adresaci&nbsp;konkursu:<\/p>\n\n\n\n<p>\u00b7&nbsp;&nbsp;&nbsp;&nbsp;&nbsp;&nbsp;&nbsp;&nbsp;Uczniowie klas IV-VIII<\/p>\n\n\n\n<p>Regulamin&nbsp;konkursu:<\/p>\n\n\n\n<p>1.&nbsp;&nbsp;&nbsp;&nbsp;&nbsp;Konkurs&nbsp;polega na wykonaniu fotografii przedstawiaj\u0105cej ukryte pi\u0119kno przyrody oraz dodaniu oryginalnego opisu zdj\u0119cia (maksymalnie 20 s\u0142\u00f3w), w kt\u00f3rym znajdzie si\u0119 wyja\u015bnienie tego, co wyj\u0105tkowego mo\u017cna dostrzec na zdj\u0119ciu.<\/p>\n\n\n\n<p>2.&nbsp;&nbsp;&nbsp;&nbsp;&nbsp;Dostarczone prace nie mog\u0105 narusza\u0107 praw autorskich i d\u00f3br osobistych os\u00f3b trzecich.<\/p>\n\n\n\n<p>3.&nbsp;&nbsp;&nbsp;&nbsp;&nbsp;Ka\u017cdy uczestnik ma prawo zg\u0142osi\u0107 tylko 1 zdj\u0119cie.<\/p>\n\n\n\n<p>4.&nbsp;&nbsp;&nbsp;&nbsp;&nbsp;Zdj\u0119cia konkursowe mog\u0105 zosta\u0107 wykonane dowoln\u0105 technik\u0105 fotograficzn\u0105.<\/p>\n\n\n\n<p>5.&nbsp;&nbsp;&nbsp;&nbsp;&nbsp;Zdj\u0119cia nale\u017cy nadsy\u0142a\u0107 na adres:&nbsp;<strong><a href=\"mailto:biologiasprotmanka@gmail.com\" target=\"_blank\" rel=\"noreferrer noopener\">biologiasprotmanka@gmail.com<\/a><\/strong>&nbsp;do&nbsp;<strong>15 maja&nbsp;<\/strong>2023 roku.<\/p>\n\n\n\n<p>6.&nbsp;&nbsp;&nbsp;&nbsp;&nbsp;W mailu nale\u017cy umie\u015bci\u0107:<\/p>\n\n\n\n<p>a.&nbsp;&nbsp;&nbsp;&nbsp;&nbsp;&nbsp;Tytu\u0142 maila:&nbsp;konkurs&nbsp;fotograficzny, imi\u0119 i nazwisko autora, nazw\u0119 szko\u0142y oraz klas\u0119.<\/p>\n\n\n\n<p>b.&nbsp;&nbsp;&nbsp;&nbsp;&nbsp;Oryginalny opis zdj\u0119cia na maksymalnie 20 s\u0142\u00f3w.<\/p>\n\n\n\n<p>c.&nbsp;&nbsp;&nbsp;&nbsp;&nbsp;&nbsp;O\u015bwiadczenie, podpisane przez opiekuna prawnego dziecka &#8211; autora zdj\u0119\u0107. Wz\u00f3r o\u015bwiadczenia stanowi&nbsp;<strong>za\u0142\u0105cznik nr 1 do Regulaminu.<\/strong><\/p>\n\n\n\n<p>7.&nbsp;&nbsp;&nbsp;&nbsp;&nbsp;Prace nades\u0142ane po terminie nie podlegaj\u0105 ocenie.<\/p>\n\n\n\n<p>8.&nbsp;&nbsp;&nbsp;&nbsp;&nbsp;Z chwil\u0105 dor\u0119czenia zdj\u0119cia (pracy konkursowej) Organizatorowi, Organizator nabywa licencj\u0119 niewy\u0142\u0105czn\u0105 upowa\u017cniaj\u0105c\u0105 Organizatora do nieodp\u0142atnego korzystania z maj\u0105tkowych praw autorskich do pracy konkursowej na nast\u0119puj\u0105cych polach eksploatacji:<\/p>\n\n\n\n<p>a) publiczne udost\u0119pnianie utworu w taki spos\u00f3b, aby ka\u017cdy m\u00f3g\u0142 mie\u0107 do niego dost\u0119p w miejscu i w czasie przez siebie wybranym &#8211; udost\u0119pnianie na stronie internetowej Organizatora oraz stronie Facebook,<\/p>\n\n\n\n<p>b) wystawienia odbitki fotografii w ramach wystawy pokonkursowej w siedzibie Organizatora.<\/p>\n\n\n\n<p>9.\u00a0\u00a0\u00a0\u00a0\u00a0Organizator udost\u0119pniaj\u0105c zdj\u0119cie, zgodnie ustaw\u0105 z dnia 4 lutego 1994 r. o prawie autorskim i prawach pokrewnych, umie\u015bci pod fotografi\u0105 imi\u0119 oraz nazwisko autora.<\/p>\n\n\n\n<div class=\"wp-block-file\"><a href=\"https:\/\/splegowo.pl\/wp-content\/uploads\/2023\/04\/regulamin-gminnego-konkursu-fotograficznego.docx\">regulamin-gminnego-konkursu-fotograficznego<\/a><a href=\"https:\/\/splegowo.pl\/wp-content\/uploads\/2023\/04\/regulamin-gminnego-konkursu-fotograficznego.docx\" class=\"wp-block-file__button\" download>Pobierz<\/a><\/div>\n\n\n\n<div class=\"wp-block-file\"><a href=\"https:\/\/splegowo.pl\/wp-content\/uploads\/2023\/04\/Formularz-zgody-Gminny-Konkurs-Fotograficzny.docx\">Formularz-zgody-Gminny-Konkurs-Fotograficzny<\/a><a href=\"https:\/\/splegowo.pl\/wp-content\/uploads\/2023\/04\/Formularz-zgody-Gminny-Konkurs-Fotograficzny.docx\" class=\"wp-block-file__button\" download>Pobierz<\/a><\/div>\n\n\n\n<figure class=\"wp-block-image size-large\"><img decoding=\"async\" loading=\"lazy\" width=\"724\" height=\"1024\" src=\"https:\/\/splegowo.pl\/wp-content\/uploads\/2023\/04\/konkurs-plakat-724x1024.png\" alt=\"Plakat z informacjami o konkursie\" class=\"wp-image-19451\" srcset=\"https:\/\/splegowo.pl\/wp-content\/uploads\/2023\/04\/konkurs-plakat-724x1024.png 724w, https:\/\/splegowo.pl\/wp-content\/uploads\/2023\/04\/konkurs-plakat-212x300.png 212w, https:\/\/splegowo.pl\/wp-content\/uploads\/2023\/04\/konkurs-plakat-768x1086.png 768w, https:\/\/splegowo.pl\/wp-content\/uploads\/2023\/04\/konkurs-plakat-1086x1536.png 1086w, https:\/\/splegowo.pl\/wp-content\/uploads\/2023\/04\/konkurs-plakat-1448x2048.png 1448w, https:\/\/splegowo.pl\/wp-content\/uploads\/2023\/04\/konkurs-plakat.png 1587w\" sizes=\"(max-width: 724px) 100vw, 724px\" \/><\/figure>\n\n\n\n<p><\/p>\n","protected":false},"excerpt":{"rendered":"<p>Szko\u0142a Podstawowa im. Karola Wojty\u0142y w Rotmance zaprasza do udzia\u0142u w II Gminnym&nbsp;Konkursie&nbsp;Fotograficznym Tegoroczne has\u0142o&nbsp;Konkursu:&nbsp;\u201eDostrzec niewidoczne pi\u0119kno przyrody\u201d Koordynatorzy&nbsp;konkursu: Ma\u0142gorzata &hellip; <\/p>\n","protected":false},"author":1,"featured_media":19450,"comment_status":"closed","ping_status":"open","sticky":false,"template":"","format":"standard","meta":[],"categories":[29,1,34],"tags":[],"_links":{"self":[{"href":"https:\/\/splegowo.pl\/index.php\/wp-json\/wp\/v2\/posts\/19449"}],"collection":[{"href":"https:\/\/splegowo.pl\/index.php\/wp-json\/wp\/v2\/posts"}],"about":[{"href":"https:\/\/splegowo.pl\/index.php\/wp-json\/wp\/v2\/types\/post"}],"author":[{"embeddable":true,"href":"https:\/\/splegowo.pl\/index.php\/wp-json\/wp\/v2\/users\/1"}],"replies":[{"embeddable":true,"href":"https:\/\/splegowo.pl\/index.php\/wp-json\/wp\/v2\/comments?post=19449"}],"version-history":[{"count":1,"href":"https:\/\/splegowo.pl\/index.php\/wp-json\/wp\/v2\/posts\/19449\/revisions"}],"predecessor-version":[{"id":19454,"href":"https:\/\/splegowo.pl\/index.php\/wp-json\/wp\/v2\/posts\/19449\/revisions\/19454"}],"wp:featuredmedia":[{"embeddable":true,"href":"https:\/\/splegowo.pl\/index.php\/wp-json\/wp\/v2\/media\/19450"}],"wp:attachment":[{"href":"https:\/\/splegowo.pl\/index.php\/wp-json\/wp\/v2\/media?parent=19449"}],"wp:term":[{"taxonomy":"category","embeddable":true,"href":"https:\/\/splegowo.pl\/index.php\/wp-json\/wp\/v2\/categories?post=19449"},{"taxonomy":"post_tag","embeddable":true,"href":"https:\/\/splegowo.pl\/index.php\/wp-json\/wp\/v2\/tags?post=19449"}],"curies":[{"name":"wp","href":"https:\/\/api.w.org\/{rel}","templated":true}]}}