{"id":19350,"date":"2023-03-23T10:28:17","date_gmt":"2023-03-23T09:28:17","guid":{"rendered":"https:\/\/splegowo.pl\/?p=19350"},"modified":"2023-04-05T09:08:25","modified_gmt":"2023-04-05T07:08:25","slug":"konkurs-plastyczny-prawo-chroni-ziemie","status":"publish","type":"post","link":"https:\/\/splegowo.pl\/index.php\/2023\/03\/23\/konkurs-plastyczny-prawo-chroni-ziemie\/","title":{"rendered":"Konkurs plastyczny \u201ePrawo chroni ziemi\u0119\u201d"},"content":{"rendered":"\n<p>Kuratorium O\u015bwiaty w Gda\u0144sku oraz S\u0105d Okr\u0119gowy w Gda\u0144sku serdecznie zapraszaj\u0105 uczni\u00f3w klas I-III i IV \u2013 VIII szk\u00f3\u0142 podstawowych oraz uczni\u00f3w szk\u00f3\u0142 ponadpodstawowych do udzia\u0142u w Konkursie plastycznym \u201ePrawo chroni ziemi\u0119\u201d.<\/p>\n\n\n\n<p><em>Organizatorzy VI. Tygodnia Edukacji Prawnej<\/em><\/p>\n\n\n\n<p>Informacje, regulamin oraz o\u015bwiadczenie rodzica\/opiekuna na stronie: <\/p>\n\n\n\n<p><a href=\"https:\/\/www.kuratorium.gda.pl\/konkurs-plastyczny-prawo-chroni-ziemie\/\" target=\"_blank\" rel=\"noreferrer noopener\">www.kuratorium.gda.pl\/konkurs-plastyczny-prawo-chroni-ziemie\/<\/a><\/p>\n","protected":false},"excerpt":{"rendered":"<p>Kuratorium O\u015bwiaty w Gda\u0144sku oraz S\u0105d Okr\u0119gowy w Gda\u0144sku serdecznie zapraszaj\u0105 uczni\u00f3w klas I-III i IV \u2013 VIII szk\u00f3\u0142 podstawowych &hellip; <\/p>\n","protected":false},"author":1,"featured_media":0,"comment_status":"closed","ping_status":"open","sticky":false,"template":"","format":"standard","meta":[],"categories":[29,1,34],"tags":[],"_links":{"self":[{"href":"https:\/\/splegowo.pl\/index.php\/wp-json\/wp\/v2\/posts\/19350"}],"collection":[{"href":"https:\/\/splegowo.pl\/index.php\/wp-json\/wp\/v2\/posts"}],"about":[{"href":"https:\/\/splegowo.pl\/index.php\/wp-json\/wp\/v2\/types\/post"}],"author":[{"embeddable":true,"href":"https:\/\/splegowo.pl\/index.php\/wp-json\/wp\/v2\/users\/1"}],"replies":[{"embeddable":true,"href":"https:\/\/splegowo.pl\/index.php\/wp-json\/wp\/v2\/comments?post=19350"}],"version-history":[{"count":2,"href":"https:\/\/splegowo.pl\/index.php\/wp-json\/wp\/v2\/posts\/19350\/revisions"}],"predecessor-version":[{"id":19352,"href":"https:\/\/splegowo.pl\/index.php\/wp-json\/wp\/v2\/posts\/19350\/revisions\/19352"}],"wp:attachment":[{"href":"https:\/\/splegowo.pl\/index.php\/wp-json\/wp\/v2\/media?parent=19350"}],"wp:term":[{"taxonomy":"category","embeddable":true,"href":"https:\/\/splegowo.pl\/index.php\/wp-json\/wp\/v2\/categories?post=19350"},{"taxonomy":"post_tag","embeddable":true,"href":"https:\/\/splegowo.pl\/index.php\/wp-json\/wp\/v2\/tags?post=19350"}],"curies":[{"name":"wp","href":"https:\/\/api.w.org\/{rel}","templated":true}]}}