{"id":19348,"date":"2023-03-23T10:23:13","date_gmt":"2023-03-23T09:23:13","guid":{"rendered":"https:\/\/splegowo.pl\/?p=19348"},"modified":"2023-03-23T10:23:14","modified_gmt":"2023-03-23T09:23:14","slug":"ogolnopolski-konkurs-plastyczny-naszaflaga","status":"publish","type":"post","link":"https:\/\/splegowo.pl\/index.php\/2023\/03\/23\/ogolnopolski-konkurs-plastyczny-naszaflaga\/","title":{"rendered":"Og\u00f3lnopolski Konkurs Plastyczny #NaszaFlaga"},"content":{"rendered":"\n<p>Fundacja Szcz\u0119\u015bliwe Dzieci\u0144stwo oraz Parafia pw. \u015bw. Miko\u0142aja w Lublinie zapraszaj\u0105 do udzia\u0142u w Og\u00f3lnopolskim Konkursie Plastycznym #NaszaFlaga.<\/p>\n\n\n\n<p>Konkurs jest adresowany do uczni\u00f3w szk\u00f3\u0142 podstawowych w dw\u00f3ch grupach wiekowych: klasy I-III oraz klasy IV-VIII.<\/p>\n\n\n\n<p>Udzia\u0142 w konkursie jest bezp\u0142atny.<\/p>\n\n\n\n<p>Wszelkie informacje mo\u017cna uzyska\u0107 pod adresem mailowym:&nbsp;<a href=\"mailto:kontakt@naszaflaga.pl\">kontakt@naszaflaga.pl&nbsp;<\/a>oraz na stronie&nbsp;<a href=\"https:\/\/naszaflaga.pl\/\">naszaflaga.pl<\/a><\/p>\n","protected":false},"excerpt":{"rendered":"<p>Fundacja Szcz\u0119\u015bliwe Dzieci\u0144stwo oraz Parafia pw. \u015bw. Miko\u0142aja w Lublinie zapraszaj\u0105 do udzia\u0142u w Og\u00f3lnopolskim Konkursie Plastycznym #NaszaFlaga. Konkurs jest &hellip; <\/p>\n","protected":false},"author":1,"featured_media":0,"comment_status":"closed","ping_status":"open","sticky":false,"template":"","format":"standard","meta":[],"categories":[29,34],"tags":[],"_links":{"self":[{"href":"https:\/\/splegowo.pl\/index.php\/wp-json\/wp\/v2\/posts\/19348"}],"collection":[{"href":"https:\/\/splegowo.pl\/index.php\/wp-json\/wp\/v2\/posts"}],"about":[{"href":"https:\/\/splegowo.pl\/index.php\/wp-json\/wp\/v2\/types\/post"}],"author":[{"embeddable":true,"href":"https:\/\/splegowo.pl\/index.php\/wp-json\/wp\/v2\/users\/1"}],"replies":[{"embeddable":true,"href":"https:\/\/splegowo.pl\/index.php\/wp-json\/wp\/v2\/comments?post=19348"}],"version-history":[{"count":1,"href":"https:\/\/splegowo.pl\/index.php\/wp-json\/wp\/v2\/posts\/19348\/revisions"}],"predecessor-version":[{"id":19349,"href":"https:\/\/splegowo.pl\/index.php\/wp-json\/wp\/v2\/posts\/19348\/revisions\/19349"}],"wp:attachment":[{"href":"https:\/\/splegowo.pl\/index.php\/wp-json\/wp\/v2\/media?parent=19348"}],"wp:term":[{"taxonomy":"category","embeddable":true,"href":"https:\/\/splegowo.pl\/index.php\/wp-json\/wp\/v2\/categories?post=19348"},{"taxonomy":"post_tag","embeddable":true,"href":"https:\/\/splegowo.pl\/index.php\/wp-json\/wp\/v2\/tags?post=19348"}],"curies":[{"name":"wp","href":"https:\/\/api.w.org\/{rel}","templated":true}]}}