{"id":19335,"date":"2023-03-22T15:11:30","date_gmt":"2023-03-22T14:11:30","guid":{"rendered":"https:\/\/splegowo.pl\/?p=19335"},"modified":"2023-03-22T15:18:23","modified_gmt":"2023-03-22T14:18:23","slug":"dzien-kolorowej-skarpetki","status":"publish","type":"post","link":"https:\/\/splegowo.pl\/index.php\/2023\/03\/22\/dzien-kolorowej-skarpetki\/","title":{"rendered":"Dzie\u0144 Kolorowej Skarpetki &#8211; 21.03.2023."},"content":{"rendered":"\t\t<div data-elementor-type=\"wp-post\" data-elementor-id=\"19335\" class=\"elementor elementor-19335\">\n\t\t\t\t\t\t\t\t\t<section class=\"elementor-section elementor-top-section elementor-element elementor-element-0911ca8 elementor-section-boxed elementor-section-height-default elementor-section-height-default\" data-id=\"0911ca8\" data-element_type=\"section\">\n\t\t\t\t\t\t<div class=\"elementor-container elementor-column-gap-default\">\n\t\t\t\t\t<div class=\"elementor-column elementor-col-100 elementor-top-column elementor-element elementor-element-8345816\" data-id=\"8345816\" data-element_type=\"column\">\n\t\t\t<div class=\"elementor-widget-wrap elementor-element-populated\">\n\t\t\t\t\t\t\t\t<div class=\"elementor-element elementor-element-f75e732 elementor-widget elementor-widget-text-editor\" data-id=\"f75e732\" data-element_type=\"widget\" data-widget_type=\"text-editor.default\">\n\t\t\t\t<div class=\"elementor-widget-container\">\n\t\t\t\t\t\t\t<p><span style=\"font-weight: 400;\">21 marca \u015bwi\u0119towali\u015bmy \u015awiatowy Dzie\u0144 Zespo\u0142u Downa. Jest to\u00a0\u015bwi\u0119to ustanowione w\u00a02005 roku z\u00a0inicjatywy Europejskiego Stowarzyszenia Zespo\u0142u Downa. Od\u00a02012 roku patronat nad\u00a0obchodami sprawuje Organizacja Narod\u00f3w Zjednoczonych.<\/span><\/p><p><span style=\"font-weight: 400;\">Data 21. 03. jest symboliczna i\u00a0nie\u00a0jest te\u017c przypadkowa. Osoby z\u00a0Zespo\u0142em Downa charakteryzuje bowiem istnienie dodatkowego \u2013 3 chromosomu b\u0105d\u017a jego fragmentu w\u00a021 parze chromosom\u00f3w.<\/span><\/p><p><span style=\"font-weight: 400;\">Symbolem solidaryzowania si\u0119 z chorymi na Zesp\u00f3\u0142 Downa s\u0105 kolorowe skarpetki i kolory czerwony oraz granatowy. My r\u00f3wnie\u017c przy\u0142\u0105czyli\u015bmy si\u0119 do tej wspania\u0142ej akcji, czego efekty mo\u017cna zobaczy\u0107 klikaj\u0105c poni\u017cszy link: \u00a0 \u00a0 \u00a0 \u00a0 <\/span><a href=\"https:\/\/view.genial.ly\/6419e226856c450018cdc445\/presentation-superheroes-presentation\" target=\"_blank\" rel=\"noopener\"><span style=\"font-weight: 400;\">https:\/\/view.genial.ly\/6419e226856c450018cdc445\/presentation-superheroes-presentation<\/span><\/a><\/p><p>.<\/p>\t\t\t\t\t\t<\/div>\n\t\t\t\t<\/div>\n\t\t\t\t\t<\/div>\n\t\t<\/div>\n\t\t\t\t\t\t\t<\/div>\n\t\t<\/section>\n\t\t\t\t\t\t\t<\/div>\n\t\t","protected":false},"excerpt":{"rendered":"<p>21 marca \u015bwi\u0119towali\u015bmy \u015awiatowy Dzie\u0144 Zespo\u0142u Downa. Jest to&nbsp;\u015bwi\u0119to ustanowione w&nbsp;2005 roku z&nbsp;inicjatywy Europejskiego Stowarzyszenia Zespo\u0142u Downa. Od&nbsp;2012 roku patronat &hellip; <\/p>\n","protected":false},"author":1,"featured_media":19336,"comment_status":"closed","ping_status":"open","sticky":false,"template":"","format":"standard","meta":[],"categories":[29,1],"tags":[],"_links":{"self":[{"href":"https:\/\/splegowo.pl\/index.php\/wp-json\/wp\/v2\/posts\/19335"}],"collection":[{"href":"https:\/\/splegowo.pl\/index.php\/wp-json\/wp\/v2\/posts"}],"about":[{"href":"https:\/\/splegowo.pl\/index.php\/wp-json\/wp\/v2\/types\/post"}],"author":[{"embeddable":true,"href":"https:\/\/splegowo.pl\/index.php\/wp-json\/wp\/v2\/users\/1"}],"replies":[{"embeddable":true,"href":"https:\/\/splegowo.pl\/index.php\/wp-json\/wp\/v2\/comments?post=19335"}],"version-history":[{"count":5,"href":"https:\/\/splegowo.pl\/index.php\/wp-json\/wp\/v2\/posts\/19335\/revisions"}],"predecessor-version":[{"id":19341,"href":"https:\/\/splegowo.pl\/index.php\/wp-json\/wp\/v2\/posts\/19335\/revisions\/19341"}],"wp:featuredmedia":[{"embeddable":true,"href":"https:\/\/splegowo.pl\/index.php\/wp-json\/wp\/v2\/media\/19336"}],"wp:attachment":[{"href":"https:\/\/splegowo.pl\/index.php\/wp-json\/wp\/v2\/media?parent=19335"}],"wp:term":[{"taxonomy":"category","embeddable":true,"href":"https:\/\/splegowo.pl\/index.php\/wp-json\/wp\/v2\/categories?post=19335"},{"taxonomy":"post_tag","embeddable":true,"href":"https:\/\/splegowo.pl\/index.php\/wp-json\/wp\/v2\/tags?post=19335"}],"curies":[{"name":"wp","href":"https:\/\/api.w.org\/{rel}","templated":true}]}}