{"id":19308,"date":"2023-03-19T14:01:18","date_gmt":"2023-03-19T13:01:18","guid":{"rendered":"https:\/\/splegowo.pl\/?p=19308"},"modified":"2023-03-19T14:13:58","modified_gmt":"2023-03-19T13:13:58","slug":"konkurs-plastyczny-moja-kolorowa-gmina-pruszcz-gdanski","status":"publish","type":"post","link":"https:\/\/splegowo.pl\/index.php\/2023\/03\/19\/konkurs-plastyczny-moja-kolorowa-gmina-pruszcz-gdanski\/","title":{"rendered":"Konkurs plastyczny &#8222;Moja Kolorowa Gmina Pruszcz Gda\u0144ski&#8221;"},"content":{"rendered":"\t\t<div data-elementor-type=\"wp-post\" data-elementor-id=\"19308\" class=\"elementor elementor-19308\">\n\t\t\t\t\t\t\t\t\t<section class=\"elementor-section elementor-top-section elementor-element elementor-element-c57ab34 elementor-section-boxed elementor-section-height-default elementor-section-height-default\" data-id=\"c57ab34\" data-element_type=\"section\">\n\t\t\t\t\t\t<div class=\"elementor-container elementor-column-gap-default\">\n\t\t\t\t\t<div class=\"elementor-column elementor-col-100 elementor-top-column elementor-element elementor-element-0a048d1\" data-id=\"0a048d1\" data-element_type=\"column\">\n\t\t\t<div class=\"elementor-widget-wrap elementor-element-populated\">\n\t\t\t\t\t\t\t\t<div class=\"elementor-element elementor-element-96278f8 elementor-widget elementor-widget-text-editor\" data-id=\"96278f8\" data-element_type=\"widget\" data-widget_type=\"text-editor.default\">\n\t\t\t\t<div class=\"elementor-widget-container\">\n\t\t\t\t\t\t\t<p style=\"font-weight: 400;\">O\u015brodek Kultury, Sztuki i Biblioteka Publiczna Gminy Pruszcz Gda\u0144ski serdecznie zaprasza uczni\u00f3w szk\u00f3\u0142 podstawowych z terenu gminy do udzia\u0142u w konkursie plastycznym pod has\u0142em\u00a0<strong>\u201eMoja Kolorowa Gmina Pruszcz Gda\u0144ski\u201d.<\/strong><\/p><ul><li style=\"font-weight: 400;\">Konkurs jest organizowany z okazji 50 lat istnienia naszej gminy.<\/li><li style=\"font-weight: 400;\">Celem konkursu jest u\u015bwietnienie jubileuszu 50-lecia istnienia gminy Pruszcz Gda\u0144ski, promocja tw\u00f3rczo\u015bci dzieci, rozwijanie umiej\u0119tno\u015bci plastycznych oraz kreatywno\u015bci dzieci.<\/li><li>Najlepsze prace zostan\u0105 wydrukowane w okoliczno\u015bciowej publikacji.<\/li><li>Prace nale\u017cy dostarczy\u0107 do\u00a0 <strong>15 maja 2023<\/strong>\u00a0roku osobi\u015bcie lub przes\u0142a\u0107 poczt\u0105 pod adres:<\/li><\/ul><p style=\"font-weight: 400;\">O\u015brodek Kultury, Sztuki i Biblioteka Publiczna Gminy Pruszcz Gda\u0144ski;<\/p><p style=\"font-weight: 400;\">83-031 Cieplewo, ul. D\u0142uga 20A,<\/p><p style=\"font-weight: 400;\">z dopiskiem: \u201eMoja kolorowa gmina Pruszcz Gda\u0144ski\u201d.<\/p><ul><li style=\"font-weight: 400;\">Regulamin konkursu oraz karta zg\u0142oszeniowa w za\u0142\u0105czonych plikach lub na stronie\u00a0<a href=\"http:\/\/www.kulturatutaj.pl\/\" data-saferedirecturl=\"https:\/\/www.google.com\/url?q=http:\/\/www.kulturatutaj.pl&amp;source=gmail&amp;ust=1679317156357000&amp;usg=AOvVaw38fGtukbb73dc65QyVmnaw\">www.kulturatutaj.pl<\/a><\/li><li><a href=\"https:\/\/splegowo.pl\/wp-content\/uploads\/2023\/03\/regulamin.pdf\" target=\"_blank\" rel=\"noopener\">Regulamin konkursu<\/a><\/li><li><a href=\"https:\/\/splegowo.pl\/wp-content\/uploads\/2023\/03\/Karta-zgloszenia-MOJA-KOLOROWA-GMINA.pdf\" target=\"_blank\" rel=\"noopener\">Karta zg\u0142oszenia<\/a><\/li><\/ul>\t\t\t\t\t\t<\/div>\n\t\t\t\t<\/div>\n\t\t\t\t\t<\/div>\n\t\t<\/div>\n\t\t\t\t\t\t\t<\/div>\n\t\t<\/section>\n\t\t\t\t\t\t\t<\/div>\n\t\t","protected":false},"excerpt":{"rendered":"<p>O\u015brodek Kultury, Sztuki i Biblioteka Publiczna Gminy Pruszcz Gda\u0144ski serdecznie zaprasza uczni\u00f3w szk\u00f3\u0142 podstawowych z terenu gminy do udzia\u0142u w &hellip; <\/p>\n","protected":false},"author":1,"featured_media":0,"comment_status":"closed","ping_status":"open","sticky":false,"template":"","format":"standard","meta":[],"categories":[29,1,34],"tags":[],"_links":{"self":[{"href":"https:\/\/splegowo.pl\/index.php\/wp-json\/wp\/v2\/posts\/19308"}],"collection":[{"href":"https:\/\/splegowo.pl\/index.php\/wp-json\/wp\/v2\/posts"}],"about":[{"href":"https:\/\/splegowo.pl\/index.php\/wp-json\/wp\/v2\/types\/post"}],"author":[{"embeddable":true,"href":"https:\/\/splegowo.pl\/index.php\/wp-json\/wp\/v2\/users\/1"}],"replies":[{"embeddable":true,"href":"https:\/\/splegowo.pl\/index.php\/wp-json\/wp\/v2\/comments?post=19308"}],"version-history":[{"count":7,"href":"https:\/\/splegowo.pl\/index.php\/wp-json\/wp\/v2\/posts\/19308\/revisions"}],"predecessor-version":[{"id":19319,"href":"https:\/\/splegowo.pl\/index.php\/wp-json\/wp\/v2\/posts\/19308\/revisions\/19319"}],"wp:attachment":[{"href":"https:\/\/splegowo.pl\/index.php\/wp-json\/wp\/v2\/media?parent=19308"}],"wp:term":[{"taxonomy":"category","embeddable":true,"href":"https:\/\/splegowo.pl\/index.php\/wp-json\/wp\/v2\/categories?post=19308"},{"taxonomy":"post_tag","embeddable":true,"href":"https:\/\/splegowo.pl\/index.php\/wp-json\/wp\/v2\/tags?post=19308"}],"curies":[{"name":"wp","href":"https:\/\/api.w.org\/{rel}","templated":true}]}}