{"id":19187,"date":"2023-02-21T21:23:00","date_gmt":"2023-02-21T20:23:00","guid":{"rendered":"https:\/\/splegowo.pl\/?p=19187"},"modified":"2023-03-01T21:43:38","modified_gmt":"2023-03-01T20:43:38","slug":"kiermasz-wypiekow-21-02-2023","status":"publish","type":"post","link":"https:\/\/splegowo.pl\/index.php\/2023\/02\/21\/kiermasz-wypiekow-21-02-2023\/","title":{"rendered":"Kiermasz wypiek\u00f3w &#8211; 21.02.2023."},"content":{"rendered":"\t\t<div data-elementor-type=\"wp-post\" data-elementor-id=\"19187\" class=\"elementor elementor-19187\">\n\t\t\t\t\t\t\t\t\t<section class=\"elementor-section elementor-top-section elementor-element elementor-element-d241c33 elementor-section-boxed elementor-section-height-default elementor-section-height-default\" data-id=\"d241c33\" data-element_type=\"section\">\n\t\t\t\t\t\t<div class=\"elementor-container elementor-column-gap-default\">\n\t\t\t\t\t<div class=\"elementor-column elementor-col-100 elementor-top-column elementor-element elementor-element-0d45657\" data-id=\"0d45657\" data-element_type=\"column\">\n\t\t\t<div class=\"elementor-widget-wrap elementor-element-populated\">\n\t\t\t\t\t\t\t\t<div class=\"elementor-element elementor-element-fdd34c5 elementor-widget elementor-widget-text-editor\" data-id=\"fdd34c5\" data-element_type=\"widget\" data-widget_type=\"text-editor.default\">\n\t\t\t\t<div class=\"elementor-widget-container\">\n\t\t\t\t\t\t\t<p>21 lutego, czyli w tradycyjne ostatki, z inicjatywy Samorz\u0105du Uczniowskiego i z ogromn\u0105 pomoc\u0105 rodzic\u00f3w, przeprowadzili\u015bmy kiermasz domowych wypiek\u00f3w, z kt\u00f3rego doch\u00f3d zosta\u0142 przekazany na dwa szczytne cele: pomoc dla mieszkanki naszej gminy, malutkiej Gai oraz wsparcie dla ofiar trz\u0119sienia ziemi w Turcji i Syrii. <strong>Uda\u0142o nam si\u0119 zebra\u0107 a\u017c 1460 z\u0142otych.<\/strong><\/p><p style=\"text-align: center;\">Kochani Uczniowie, drodzy Rodzice, jeste\u015bcie wielcy!<\/p><p style=\"text-align: center;\">Dzi\u0119kujemy za Wasze ogromne zaanga\u017cowanie!<\/p>\t\t\t\t\t\t<\/div>\n\t\t\t\t<\/div>\n\t\t\t\t\t<\/div>\n\t\t<\/div>\n\t\t\t\t\t\t\t<\/div>\n\t\t<\/section>\n\t\t\t\t\t\t\t<\/div>\n\t\t","protected":false},"excerpt":{"rendered":"<p>21 lutego, czyli w tradycyjne ostatki, z inicjatywy Samorz\u0105du Uczniowskiego i z ogromn\u0105 pomoc\u0105 rodzic\u00f3w, przeprowadzili\u015bmy kiermasz domowych wypiek\u00f3w, z &hellip; <\/p>\n","protected":false},"author":1,"featured_media":19196,"comment_status":"closed","ping_status":"open","sticky":false,"template":"","format":"standard","meta":[],"categories":[29,1],"tags":[],"_links":{"self":[{"href":"https:\/\/splegowo.pl\/index.php\/wp-json\/wp\/v2\/posts\/19187"}],"collection":[{"href":"https:\/\/splegowo.pl\/index.php\/wp-json\/wp\/v2\/posts"}],"about":[{"href":"https:\/\/splegowo.pl\/index.php\/wp-json\/wp\/v2\/types\/post"}],"author":[{"embeddable":true,"href":"https:\/\/splegowo.pl\/index.php\/wp-json\/wp\/v2\/users\/1"}],"replies":[{"embeddable":true,"href":"https:\/\/splegowo.pl\/index.php\/wp-json\/wp\/v2\/comments?post=19187"}],"version-history":[{"count":5,"href":"https:\/\/splegowo.pl\/index.php\/wp-json\/wp\/v2\/posts\/19187\/revisions"}],"predecessor-version":[{"id":19193,"href":"https:\/\/splegowo.pl\/index.php\/wp-json\/wp\/v2\/posts\/19187\/revisions\/19193"}],"wp:featuredmedia":[{"embeddable":true,"href":"https:\/\/splegowo.pl\/index.php\/wp-json\/wp\/v2\/media\/19196"}],"wp:attachment":[{"href":"https:\/\/splegowo.pl\/index.php\/wp-json\/wp\/v2\/media?parent=19187"}],"wp:term":[{"taxonomy":"category","embeddable":true,"href":"https:\/\/splegowo.pl\/index.php\/wp-json\/wp\/v2\/categories?post=19187"},{"taxonomy":"post_tag","embeddable":true,"href":"https:\/\/splegowo.pl\/index.php\/wp-json\/wp\/v2\/tags?post=19187"}],"curies":[{"name":"wp","href":"https:\/\/api.w.org\/{rel}","templated":true}]}}