{"id":19152,"date":"2023-02-21T19:16:00","date_gmt":"2023-02-21T18:16:00","guid":{"rendered":"https:\/\/splegowo.pl\/?p=19152"},"modified":"2023-02-28T19:19:27","modified_gmt":"2023-02-28T18:19:27","slug":"miedzynarodowy-dzien-jezyka-ojczystego-21-02-2023","status":"publish","type":"post","link":"https:\/\/splegowo.pl\/index.php\/2023\/02\/21\/miedzynarodowy-dzien-jezyka-ojczystego-21-02-2023\/","title":{"rendered":"Mi\u0119dzynarodowy Dzie\u0144 J\u0119zyka Ojczystego &#8211; 21.02.2023."},"content":{"rendered":"\t\t<div data-elementor-type=\"wp-post\" data-elementor-id=\"19152\" class=\"elementor elementor-19152\">\n\t\t\t\t\t\t\t\t\t<section class=\"elementor-section elementor-top-section elementor-element elementor-element-2c50773 elementor-section-boxed elementor-section-height-default elementor-section-height-default\" data-id=\"2c50773\" data-element_type=\"section\">\n\t\t\t\t\t\t<div class=\"elementor-container elementor-column-gap-default\">\n\t\t\t\t\t<div class=\"elementor-column elementor-col-100 elementor-top-column elementor-element elementor-element-ae421c8\" data-id=\"ae421c8\" data-element_type=\"column\">\n\t\t\t<div class=\"elementor-widget-wrap elementor-element-populated\">\n\t\t\t\t\t\t\t\t<div class=\"elementor-element elementor-element-fdf4c2f elementor-widget elementor-widget-text-editor\" data-id=\"fdf4c2f\" data-element_type=\"widget\" data-widget_type=\"text-editor.default\">\n\t\t\t\t<div class=\"elementor-widget-container\">\n\t\t\t\t\t\t\t<p>21 lutego obchodzili\u015bmy Mi\u0119dzynarodowy Dzie\u0144 J\u0119zyka Ojczystego. Z tej okazji uczennice i uczniowie naszej szko\u0142y w ramach j\u0119zyka polskiego zapoznali si\u0119 z tradycj\u0105 tego \u015bwi\u0119ta, kt\u00f3re zosta\u0142o ustanowione przez UNESCO 17 listopada 1999 roku. Jego data upami\u0119tnia wydarzenia w Bangladeszu, gdzie w 1952 roku pi\u0119ciu student\u00f3w uniwersytetu w Dhace zgin\u0119\u0142o podczas demonstracji, w kt\u00f3rej domagano si\u0119 nadania j\u0119zykowi bengalskiemu statusu j\u0119zyka urz\u0119dowego. Mi\u0119dzynarodowy Dzie\u0144 J\u0119zyka Ojczystego ma w za\u0142o\u017ceniu dopom\u00f3c w ochronie r\u00f3\u017cnorodno\u015bci j\u0119zykowej jako dziedzictwa kulturowego.<br \/>Nauczycielki j\u0119zyka polskiego przygotowa\u0142y r\u00f3wnie\u017c szereg zagadek i quiz\u00f3w zwi\u0105zanych z naszym j\u0119zykiem ojczystym.<\/p><div class=\"yj6qo\">\u00a0<\/div>\t\t\t\t\t\t<\/div>\n\t\t\t\t<\/div>\n\t\t\t\t\t<\/div>\n\t\t<\/div>\n\t\t\t\t\t\t\t<\/div>\n\t\t<\/section>\n\t\t\t\t\t\t\t<\/div>\n\t\t","protected":false},"excerpt":{"rendered":"<p>21 lutego obchodzili\u015bmy Mi\u0119dzynarodowy Dzie\u0144 J\u0119zyka Ojczystego. Z tej okazji uczennice i uczniowie naszej szko\u0142y w ramach j\u0119zyka polskiego zapoznali &hellip; <\/p>\n","protected":false},"author":1,"featured_media":19157,"comment_status":"closed","ping_status":"open","sticky":false,"template":"","format":"standard","meta":[],"categories":[29,1],"tags":[],"_links":{"self":[{"href":"https:\/\/splegowo.pl\/index.php\/wp-json\/wp\/v2\/posts\/19152"}],"collection":[{"href":"https:\/\/splegowo.pl\/index.php\/wp-json\/wp\/v2\/posts"}],"about":[{"href":"https:\/\/splegowo.pl\/index.php\/wp-json\/wp\/v2\/types\/post"}],"author":[{"embeddable":true,"href":"https:\/\/splegowo.pl\/index.php\/wp-json\/wp\/v2\/users\/1"}],"replies":[{"embeddable":true,"href":"https:\/\/splegowo.pl\/index.php\/wp-json\/wp\/v2\/comments?post=19152"}],"version-history":[{"count":5,"href":"https:\/\/splegowo.pl\/index.php\/wp-json\/wp\/v2\/posts\/19152\/revisions"}],"predecessor-version":[{"id":19158,"href":"https:\/\/splegowo.pl\/index.php\/wp-json\/wp\/v2\/posts\/19152\/revisions\/19158"}],"wp:featuredmedia":[{"embeddable":true,"href":"https:\/\/splegowo.pl\/index.php\/wp-json\/wp\/v2\/media\/19157"}],"wp:attachment":[{"href":"https:\/\/splegowo.pl\/index.php\/wp-json\/wp\/v2\/media?parent=19152"}],"wp:term":[{"taxonomy":"category","embeddable":true,"href":"https:\/\/splegowo.pl\/index.php\/wp-json\/wp\/v2\/categories?post=19152"},{"taxonomy":"post_tag","embeddable":true,"href":"https:\/\/splegowo.pl\/index.php\/wp-json\/wp\/v2\/tags?post=19152"}],"curies":[{"name":"wp","href":"https:\/\/api.w.org\/{rel}","templated":true}]}}