{"id":18448,"date":"2022-11-09T17:59:00","date_gmt":"2022-11-09T16:59:00","guid":{"rendered":"https:\/\/splegowo.pl\/?p=18448"},"modified":"2022-11-28T18:04:17","modified_gmt":"2022-11-28T17:04:17","slug":"v-gminny-konkurs-patriotyczny-9-11-2022","status":"publish","type":"post","link":"https:\/\/splegowo.pl\/index.php\/2022\/11\/09\/v-gminny-konkurs-patriotyczny-9-11-2022\/","title":{"rendered":"V Gminny Konkurs Patriotyczny- 9.11.2022."},"content":{"rendered":"\t\t<div data-elementor-type=\"wp-post\" data-elementor-id=\"18448\" class=\"elementor elementor-18448\">\n\t\t\t\t\t\t\t\t\t<section class=\"elementor-section elementor-top-section elementor-element elementor-element-643036f elementor-section-boxed elementor-section-height-default elementor-section-height-default\" data-id=\"643036f\" data-element_type=\"section\">\n\t\t\t\t\t\t<div class=\"elementor-container elementor-column-gap-default\">\n\t\t\t\t\t<div class=\"elementor-column elementor-col-100 elementor-top-column elementor-element elementor-element-f636a1a\" data-id=\"f636a1a\" data-element_type=\"column\">\n\t\t\t<div class=\"elementor-widget-wrap elementor-element-populated\">\n\t\t\t\t\t\t\t\t<div class=\"elementor-element elementor-element-d3ffa34 elementor-widget elementor-widget-text-editor\" data-id=\"d3ffa34\" data-element_type=\"widget\" data-widget_type=\"text-editor.default\">\n\t\t\t\t<div class=\"elementor-widget-container\">\n\t\t\t\t\t\t\t<p dir=\"ltr\">9 listopada w Szkole Podstawowej im. Ziemi \u017bu\u0142awskiej w Przejazdowie odby\u0142 si\u0119 V Gminny Konkurs Patriotyczny. \u00a0Konkurs odbywa\u0142 si\u0119 w trzech kategoriach: literackiej, plastycznej i wokalnej. Tematem przewodnim by\u0142 &#8222;Rok Polskiego Romantyzmu&#8221; ustanowiony przez Sejm Rzeczpospolitej. W kategorii\u00a0literackiej uczniowie pisali romantyczne wiersze i ba\u015bnie o Ojczy\u017anie. W kategorii plastycznej tematem by\u0142a mi\u0142o\u015b\u0107 oraz interpretacja fragment\u00f3w z utworu &#8222;Ballady i romanse&#8221;\u00a0\u00a0A. Mickiewicza. Natomiast w kategorii wokalnej uczniowie wykonywali piosenki \u017co\u0142nierskie o mi\u0142o\u015bci, t\u0119sknocie lub dowoln\u0105 polsk\u0105 piosenk\u0119 o mi\u0142o\u015bci z dobrym przes\u0142aniem dla dzieci i m\u0142odzie\u017cy.\u00a0<\/p><p dir=\"ltr\">Nasz\u0105 szko\u0142\u0119 w kategorii wokalnej reprezentowa\u0142y dwie uczennice z klasy 8c: <strong>Wiktoria Bielecka\u00a0 i Julia Dzierz\u0119cka.<\/strong> Wiktoria otrzyma\u0142a wyr\u00f3\u017cnienie, a Julia zaj\u0119\u0142a III miejsce. Brawo !<\/p>\t\t\t\t\t\t<\/div>\n\t\t\t\t<\/div>\n\t\t\t\t\t<\/div>\n\t\t<\/div>\n\t\t\t\t\t\t\t<\/div>\n\t\t<\/section>\n\t\t\t\t<section class=\"elementor-section elementor-top-section elementor-element elementor-element-dec8e11 elementor-section-boxed elementor-section-height-default elementor-section-height-default\" data-id=\"dec8e11\" data-element_type=\"section\">\n\t\t\t\t\t\t<div class=\"elementor-container elementor-column-gap-default\">\n\t\t\t\t\t<div class=\"elementor-column elementor-col-100 elementor-top-column elementor-element elementor-element-56108d8\" data-id=\"56108d8\" data-element_type=\"column\">\n\t\t\t<div class=\"elementor-widget-wrap elementor-element-populated\">\n\t\t\t\t\t\t\t\t<div class=\"elementor-element elementor-element-f0a9d63 elementor-widget elementor-widget-image-gallery\" data-id=\"f0a9d63\" data-element_type=\"widget\" data-widget_type=\"image-gallery.default\">\n\t\t\t\t<div class=\"elementor-widget-container\">\n\t\t\t\t\t<div class=\"elementor-image-gallery\">\n\t\t\t<div id='gallery-1' class='gallery galleryid-18448 gallery-columns-4 gallery-size-thumbnail'><figure class='gallery-item'>\n\t\t\t<div class='gallery-icon landscape'>\n\t\t\t\t<a data-elementor-open-lightbox=\"yes\" data-elementor-lightbox-slideshow=\"f0a9d63\" data-elementor-lightbox-title=\"image1\" data-e-action-hash=\"#elementor-action%3Aaction%3Dlightbox%26settings%3DeyJpZCI6MTg0NTMsInVybCI6Imh0dHBzOlwvXC9zcGxlZ293by5wbFwvd3AtY29udGVudFwvdXBsb2Fkc1wvMjAyMlwvMTFcL2ltYWdlMS5qcGciLCJzbGlkZXNob3ciOiJmMGE5ZDYzIn0%3D\" href='https:\/\/splegowo.pl\/wp-content\/uploads\/2022\/11\/image1.jpg'><img width=\"150\" height=\"150\" src=\"https:\/\/splegowo.pl\/wp-content\/uploads\/2022\/11\/image1-150x150.jpg\" class=\"attachment-thumbnail size-thumbnail\" alt=\"\" decoding=\"async\" loading=\"lazy\" srcset=\"https:\/\/splegowo.pl\/wp-content\/uploads\/2022\/11\/image1-150x150.jpg 150w, https:\/\/splegowo.pl\/wp-content\/uploads\/2022\/11\/image1-70x70.jpg 70w, https:\/\/splegowo.pl\/wp-content\/uploads\/2022\/11\/image1-246x246.jpg 246w, https:\/\/splegowo.pl\/wp-content\/uploads\/2022\/11\/image1-276x276.jpg 276w, https:\/\/splegowo.pl\/wp-content\/uploads\/2022\/11\/image1-125x125.jpg 125w\" sizes=\"(max-width: 150px) 100vw, 150px\" \/><\/a>\n\t\t\t<\/div><\/figure><figure class='gallery-item'>\n\t\t\t<div class='gallery-icon landscape'>\n\t\t\t\t<a data-elementor-open-lightbox=\"yes\" data-elementor-lightbox-slideshow=\"f0a9d63\" data-elementor-lightbox-title=\"image2\" data-e-action-hash=\"#elementor-action%3Aaction%3Dlightbox%26settings%3DeyJpZCI6MTg0NTQsInVybCI6Imh0dHBzOlwvXC9zcGxlZ293by5wbFwvd3AtY29udGVudFwvdXBsb2Fkc1wvMjAyMlwvMTFcL2ltYWdlMi5qcGciLCJzbGlkZXNob3ciOiJmMGE5ZDYzIn0%3D\" href='https:\/\/splegowo.pl\/wp-content\/uploads\/2022\/11\/image2.jpg'><img width=\"150\" height=\"150\" src=\"https:\/\/splegowo.pl\/wp-content\/uploads\/2022\/11\/image2-150x150.jpg\" class=\"attachment-thumbnail size-thumbnail\" alt=\"\" decoding=\"async\" loading=\"lazy\" srcset=\"https:\/\/splegowo.pl\/wp-content\/uploads\/2022\/11\/image2-150x150.jpg 150w, https:\/\/splegowo.pl\/wp-content\/uploads\/2022\/11\/image2-70x70.jpg 70w, https:\/\/splegowo.pl\/wp-content\/uploads\/2022\/11\/image2-246x246.jpg 246w, https:\/\/splegowo.pl\/wp-content\/uploads\/2022\/11\/image2-276x276.jpg 276w, https:\/\/splegowo.pl\/wp-content\/uploads\/2022\/11\/image2-125x125.jpg 125w\" sizes=\"(max-width: 150px) 100vw, 150px\" \/><\/a>\n\t\t\t<\/div><\/figure>\n\t\t<\/div>\n\t\t<\/div>\n\t\t\t\t<\/div>\n\t\t\t\t<\/div>\n\t\t\t\t\t<\/div>\n\t\t<\/div>\n\t\t\t\t\t\t\t<\/div>\n\t\t<\/section>\n\t\t\t\t\t\t\t<\/div>\n\t\t","protected":false},"excerpt":{"rendered":"<p>9 listopada w Szkole Podstawowej im. Ziemi \u017bu\u0142awskiej w Przejazdowie odby\u0142 si\u0119 V Gminny Konkurs Patriotyczny. \u00a0Konkurs odbywa\u0142 si\u0119 w &hellip; <\/p>\n","protected":false},"author":1,"featured_media":0,"comment_status":"closed","ping_status":"open","sticky":false,"template":"","format":"standard","meta":[],"categories":[29,1],"tags":[],"_links":{"self":[{"href":"https:\/\/splegowo.pl\/index.php\/wp-json\/wp\/v2\/posts\/18448"}],"collection":[{"href":"https:\/\/splegowo.pl\/index.php\/wp-json\/wp\/v2\/posts"}],"about":[{"href":"https:\/\/splegowo.pl\/index.php\/wp-json\/wp\/v2\/types\/post"}],"author":[{"embeddable":true,"href":"https:\/\/splegowo.pl\/index.php\/wp-json\/wp\/v2\/users\/1"}],"replies":[{"embeddable":true,"href":"https:\/\/splegowo.pl\/index.php\/wp-json\/wp\/v2\/comments?post=18448"}],"version-history":[{"count":7,"href":"https:\/\/splegowo.pl\/index.php\/wp-json\/wp\/v2\/posts\/18448\/revisions"}],"predecessor-version":[{"id":18457,"href":"https:\/\/splegowo.pl\/index.php\/wp-json\/wp\/v2\/posts\/18448\/revisions\/18457"}],"wp:attachment":[{"href":"https:\/\/splegowo.pl\/index.php\/wp-json\/wp\/v2\/media?parent=18448"}],"wp:term":[{"taxonomy":"category","embeddable":true,"href":"https:\/\/splegowo.pl\/index.php\/wp-json\/wp\/v2\/categories?post=18448"},{"taxonomy":"post_tag","embeddable":true,"href":"https:\/\/splegowo.pl\/index.php\/wp-json\/wp\/v2\/tags?post=18448"}],"curies":[{"name":"wp","href":"https:\/\/api.w.org\/{rel}","templated":true}]}}