{"id":18284,"date":"2022-09-30T21:47:00","date_gmt":"2022-09-30T19:47:00","guid":{"rendered":"https:\/\/splegowo.pl\/?p=18284"},"modified":"2022-11-04T21:56:14","modified_gmt":"2022-11-04T20:56:14","slug":"dzien-chlopaka-30-09-2022","status":"publish","type":"post","link":"https:\/\/splegowo.pl\/index.php\/2022\/09\/30\/dzien-chlopaka-30-09-2022\/","title":{"rendered":"Dzie\u0144 Ch\u0142opaka &#8211; 30.09.2022."},"content":{"rendered":"\t\t<div data-elementor-type=\"wp-post\" data-elementor-id=\"18284\" class=\"elementor elementor-18284\">\n\t\t\t\t\t\t\t\t\t<section class=\"elementor-section elementor-top-section elementor-element elementor-element-72584b7 elementor-section-boxed elementor-section-height-default elementor-section-height-default\" data-id=\"72584b7\" data-element_type=\"section\">\n\t\t\t\t\t\t<div class=\"elementor-container elementor-column-gap-default\">\n\t\t\t\t\t<div class=\"elementor-column elementor-col-100 elementor-top-column elementor-element elementor-element-053f1c7\" data-id=\"053f1c7\" data-element_type=\"column\">\n\t\t\t<div class=\"elementor-widget-wrap elementor-element-populated\">\n\t\t\t\t\t\t\t\t<div class=\"elementor-element elementor-element-8fbce7a elementor-widget elementor-widget-text-editor\" data-id=\"8fbce7a\" data-element_type=\"widget\" data-widget_type=\"text-editor.default\">\n\t\t\t\t<div class=\"elementor-widget-container\">\n\t\t\t\t\t\t\t<p dir=\"ltr\">\u00a0Z okazji Dnia Ch\u0142opaka Samorz\u0105d Uczniowski przeprowadzi\u0142 konkurs na Najsympatyczniejszego Koleg\u0119 z Klasy. Dziewczyny z ka\u017cdej klasy mia\u0142y wybra\u0107 swojego najsympatyczniejszego koleg\u0119.<\/p><p dir=\"ltr\">\u00a0<\/p><p dir=\"ltr\"><span style=\"text-decoration: underline;\">Wyniki konkursu:<\/span><\/p><ul><li dir=\"ltr\">Klasa 4 a \u2013 Kacper Jag\u0142a<\/li><li dir=\"ltr\">Klasa 4 b \u2013Alan Bradtke<\/li><li dir=\"ltr\">Klasa 4 c \u2013 Julian Morawski<\/li><li dir=\"ltr\">Klasa 5 a \u2013Bartosz Littwin<\/li><li dir=\"ltr\">Klasa 5 b \u2013 Karol Wolf<\/li><li dir=\"ltr\">Klasa 6 a \u2013 Bartosz Gazi\u0144ski<\/li><li dir=\"ltr\">Klasa 6 b \u2013 Andrzej Kara\u015b<\/li><li dir=\"ltr\">Klasa 7a \u2013 Micha\u0142 Grzeszczyk<\/li><li dir=\"ltr\">Klasa 7 b \u2013 Konrad Kulawik<\/li><li dir=\"ltr\">Klasa 7 c \u2013 Piotr Braun<\/li><li dir=\"ltr\">Klasa 8 a \u2013 Oliwier Komorski<\/li><li dir=\"ltr\">Klasa 8 b \u2013Miko\u0142aj Agacki<\/li><li dir=\"ltr\">Klasa 8 c \u2013 Julian Gnyp<\/li><li dir=\"ltr\">Klasa 8 d \u2013 Nikodem Radziwilski<\/li><\/ul>\t\t\t\t\t\t<\/div>\n\t\t\t\t<\/div>\n\t\t\t\t\t<\/div>\n\t\t<\/div>\n\t\t\t\t\t\t\t<\/div>\n\t\t<\/section>\n\t\t\t\t\t\t\t<\/div>\n\t\t","protected":false},"excerpt":{"rendered":"<p>&nbsp;Z okazji Dnia Ch\u0142opaka Samorz\u0105d Uczniowski przeprowadzi\u0142 konkurs na Najsympatyczniejszego Koleg\u0119 z Klasy. Dziewczyny z ka\u017cdej klasy mia\u0142y wybra\u0107 swojego &hellip; <\/p>\n","protected":false},"author":1,"featured_media":18289,"comment_status":"closed","ping_status":"open","sticky":false,"template":"","format":"standard","meta":[],"categories":[43],"tags":[],"_links":{"self":[{"href":"https:\/\/splegowo.pl\/index.php\/wp-json\/wp\/v2\/posts\/18284"}],"collection":[{"href":"https:\/\/splegowo.pl\/index.php\/wp-json\/wp\/v2\/posts"}],"about":[{"href":"https:\/\/splegowo.pl\/index.php\/wp-json\/wp\/v2\/types\/post"}],"author":[{"embeddable":true,"href":"https:\/\/splegowo.pl\/index.php\/wp-json\/wp\/v2\/users\/1"}],"replies":[{"embeddable":true,"href":"https:\/\/splegowo.pl\/index.php\/wp-json\/wp\/v2\/comments?post=18284"}],"version-history":[{"count":5,"href":"https:\/\/splegowo.pl\/index.php\/wp-json\/wp\/v2\/posts\/18284\/revisions"}],"predecessor-version":[{"id":18290,"href":"https:\/\/splegowo.pl\/index.php\/wp-json\/wp\/v2\/posts\/18284\/revisions\/18290"}],"wp:featuredmedia":[{"embeddable":true,"href":"https:\/\/splegowo.pl\/index.php\/wp-json\/wp\/v2\/media\/18289"}],"wp:attachment":[{"href":"https:\/\/splegowo.pl\/index.php\/wp-json\/wp\/v2\/media?parent=18284"}],"wp:term":[{"taxonomy":"category","embeddable":true,"href":"https:\/\/splegowo.pl\/index.php\/wp-json\/wp\/v2\/categories?post=18284"},{"taxonomy":"post_tag","embeddable":true,"href":"https:\/\/splegowo.pl\/index.php\/wp-json\/wp\/v2\/tags?post=18284"}],"curies":[{"name":"wp","href":"https:\/\/api.w.org\/{rel}","templated":true}]}}