{"id":18278,"date":"2022-09-23T21:45:00","date_gmt":"2022-09-23T19:45:00","guid":{"rendered":"https:\/\/splegowo.pl\/?p=18278"},"modified":"2022-11-04T21:47:15","modified_gmt":"2022-11-04T20:47:15","slug":"poczatek-astronomicznej-jesieni-23-09-2022","status":"publish","type":"post","link":"https:\/\/splegowo.pl\/index.php\/2022\/09\/23\/poczatek-astronomicznej-jesieni-23-09-2022\/","title":{"rendered":"Pocz\u0105tek Astronomicznej Jesieni &#8211; 23.09.2022."},"content":{"rendered":"\t\t<div data-elementor-type=\"wp-post\" data-elementor-id=\"18278\" class=\"elementor elementor-18278\">\n\t\t\t\t\t\t\t\t\t<section class=\"elementor-section elementor-top-section elementor-element elementor-element-f273b53 elementor-section-boxed elementor-section-height-default elementor-section-height-default\" data-id=\"f273b53\" data-element_type=\"section\">\n\t\t\t\t\t\t<div class=\"elementor-container elementor-column-gap-default\">\n\t\t\t\t\t<div class=\"elementor-column elementor-col-100 elementor-top-column elementor-element elementor-element-fe7fecd\" data-id=\"fe7fecd\" data-element_type=\"column\">\n\t\t\t<div class=\"elementor-widget-wrap elementor-element-populated\">\n\t\t\t\t\t\t\t\t<div class=\"elementor-element elementor-element-5063c74 elementor-widget elementor-widget-text-editor\" data-id=\"5063c74\" data-element_type=\"widget\" data-widget_type=\"text-editor.default\">\n\t\t\t\t<div class=\"elementor-widget-container\">\n\t\t\t\t\t\t\t<p dir=\"ltr\">23 wrze\u015bnia \u015bwi\u0119towali\u015bmy Kalendarzowy Pierwszy Dzie\u0144 Jesieni.<\/p><p dir=\"ltr\">W tym dniu uczniowie przyszli do szko\u0142y ubrani w barwy jesieni. Cz\u0142onkowie samorz\u0105du liczyli ilu uczni\u00f3w w ka\u017cdej klasie by\u0142o tak ubranych. Cieszymy si\u0119, \u017ce uczniowie ch\u0119tnie przy\u0142\u0105czaj\u0105 si\u0119 do akcji organizowanych przez samorz\u0105d.<\/p>\t\t\t\t\t\t<\/div>\n\t\t\t\t<\/div>\n\t\t\t\t\t<\/div>\n\t\t<\/div>\n\t\t\t\t\t\t\t<\/div>\n\t\t<\/section>\n\t\t\t\t\t\t\t<\/div>\n\t\t","protected":false},"excerpt":{"rendered":"<p>23 wrze\u015bnia \u015bwi\u0119towali\u015bmy Kalendarzowy Pierwszy Dzie\u0144 Jesieni. W tym dniu uczniowie przyszli do szko\u0142y ubrani w barwy jesieni. Cz\u0142onkowie samorz\u0105du &hellip; <\/p>\n","protected":false},"author":1,"featured_media":0,"comment_status":"closed","ping_status":"open","sticky":false,"template":"","format":"standard","meta":[],"categories":[43],"tags":[],"_links":{"self":[{"href":"https:\/\/splegowo.pl\/index.php\/wp-json\/wp\/v2\/posts\/18278"}],"collection":[{"href":"https:\/\/splegowo.pl\/index.php\/wp-json\/wp\/v2\/posts"}],"about":[{"href":"https:\/\/splegowo.pl\/index.php\/wp-json\/wp\/v2\/types\/post"}],"author":[{"embeddable":true,"href":"https:\/\/splegowo.pl\/index.php\/wp-json\/wp\/v2\/users\/1"}],"replies":[{"embeddable":true,"href":"https:\/\/splegowo.pl\/index.php\/wp-json\/wp\/v2\/comments?post=18278"}],"version-history":[{"count":5,"href":"https:\/\/splegowo.pl\/index.php\/wp-json\/wp\/v2\/posts\/18278\/revisions"}],"predecessor-version":[{"id":18283,"href":"https:\/\/splegowo.pl\/index.php\/wp-json\/wp\/v2\/posts\/18278\/revisions\/18283"}],"wp:attachment":[{"href":"https:\/\/splegowo.pl\/index.php\/wp-json\/wp\/v2\/media?parent=18278"}],"wp:term":[{"taxonomy":"category","embeddable":true,"href":"https:\/\/splegowo.pl\/index.php\/wp-json\/wp\/v2\/categories?post=18278"},{"taxonomy":"post_tag","embeddable":true,"href":"https:\/\/splegowo.pl\/index.php\/wp-json\/wp\/v2\/tags?post=18278"}],"curies":[{"name":"wp","href":"https:\/\/api.w.org\/{rel}","templated":true}]}}