{"id":18165,"date":"2022-10-26T18:21:36","date_gmt":"2022-10-26T16:21:36","guid":{"rendered":"https:\/\/splegowo.pl\/?p=18165"},"modified":"2022-10-27T20:52:42","modified_gmt":"2022-10-27T18:52:42","slug":"konkurs-pocztowka-z-wakacji-rozstrzygniety","status":"publish","type":"post","link":"https:\/\/splegowo.pl\/index.php\/2022\/10\/26\/konkurs-pocztowka-z-wakacji-rozstrzygniety\/","title":{"rendered":"Konkurs &#8222;Poczt\u00f3wka z wakacji&#8221; rozstrzygni\u0119ty"},"content":{"rendered":"\t\t<div data-elementor-type=\"wp-post\" data-elementor-id=\"18165\" class=\"elementor elementor-18165\">\n\t\t\t\t\t\t\t\t\t<section class=\"elementor-section elementor-top-section elementor-element elementor-element-0fa029f elementor-section-boxed elementor-section-height-default elementor-section-height-default\" data-id=\"0fa029f\" data-element_type=\"section\">\n\t\t\t\t\t\t<div class=\"elementor-container elementor-column-gap-default\">\n\t\t\t\t\t<div class=\"elementor-column elementor-col-100 elementor-top-column elementor-element elementor-element-24f6b21\" data-id=\"24f6b21\" data-element_type=\"column\">\n\t\t\t<div class=\"elementor-widget-wrap elementor-element-populated\">\n\t\t\t\t\t\t\t\t<div class=\"elementor-element elementor-element-d180c32 elementor-widget elementor-widget-text-editor\" data-id=\"d180c32\" data-element_type=\"widget\" data-widget_type=\"text-editor.default\">\n\t\t\t\t<div class=\"elementor-widget-container\">\n\t\t\t\t\t\t\t<p><span style=\"font-family: arial, sans-serif;\">20 pa\u017adziernika 2022r. rozstrzygni\u0119ty zosta\u0142 konkurs &#8222;Poczt\u00f3wka z wakacji&#8221;. Jak zwykle ci\u0119\u017cko by\u0142o wybra\u0107 te najlepsze. Prace by\u0142y pomys\u0142owe, estetyczne, kolorowe. W wyniku g\u0142osowania wy\u0142onili si\u0119 zwyci\u0119zcy:<br><strong>1 miejsce:<\/strong> Nikola Berenhart,&nbsp; kl. 2c<br><strong>2 miejsce:<\/strong>&nbsp;Wiktoria Breska, gr. 0a<br><strong>3 miejsce:<\/strong> Filip Anielak, gr.&nbsp;0b<\/span><\/p>\n<p><span style=\"font-family: arial, sans-serif;\">&nbsp;<\/span><\/p>\n<p><em><u><span style=\"font-family: arial, sans-serif;\">Uczniowie, kt\u00f3rych prace zdoby\u0142y wyr\u00f3\u017cnienia:<\/span><\/u><\/em><\/p>\n<ul>\n<li><span style=\"font-family: arial, sans-serif;\">Krzysztof Ciesielski,&nbsp;&nbsp;kl. 1a,<\/span><\/li>\n<li><span style=\"font-family: arial, sans-serif;\">Patrycja Paluch, kl. 1a<\/span><\/li>\n<li><span style=\"font-family: arial, sans-serif;\">Iga Hencel, gr. 0a<\/span><\/li>\n<\/ul>\n<p style=\"text-align: center;\"><strong><span style=\"font-family: arial, sans-serif;\">Zwyci\u0119zcom gratulujemy!!!<\/span><\/strong><span style=\"font-family: arial, sans-serif;\"><br>Wszystkim uczestnikom dzi\u0119kujemy za zaanga\u017cowanie!<br><\/span><\/p><p style=\"text-align: center;\"><span style=\"font-family: arial, sans-serif;\"><br><\/span><\/p>\t\t\t\t\t\t<\/div>\n\t\t\t\t<\/div>\n\t\t\t\t<div class=\"elementor-element elementor-element-0a8e2ae elementor-widget elementor-widget-image\" data-id=\"0a8e2ae\" data-element_type=\"widget\" data-widget_type=\"image.default\">\n\t\t\t\t<div class=\"elementor-widget-container\">\n\t\t\t\t\t\t\t\t\t\t\t\t\t\t\t<img decoding=\"async\" width=\"640\" height=\"479\" src=\"https:\/\/splegowo.pl\/wp-content\/uploads\/2022\/10\/IMG_20221019_161503.jpg\" class=\"attachment-large size-large wp-image-18172\" alt=\"\" loading=\"lazy\" srcset=\"https:\/\/splegowo.pl\/wp-content\/uploads\/2022\/10\/IMG_20221019_161503.jpg 640w, https:\/\/splegowo.pl\/wp-content\/uploads\/2022\/10\/IMG_20221019_161503-300x225.jpg 300w\" sizes=\"(max-width: 640px) 100vw, 640px\" \/>\t\t\t\t\t\t\t\t\t\t\t\t\t\t\t<\/div>\n\t\t\t\t<\/div>\n\t\t\t\t\t<\/div>\n\t\t<\/div>\n\t\t\t\t\t\t\t<\/div>\n\t\t<\/section>\n\t\t\t\t\t\t\t<\/div>\n\t\t","protected":false},"excerpt":{"rendered":"<p>20 pa\u017adziernika 2022r. rozstrzygni\u0119ty zosta\u0142 konkurs &#8222;Poczt\u00f3wka z wakacji&#8221;. Jak zwykle ci\u0119\u017cko by\u0142o wybra\u0107 te najlepsze. Prace by\u0142y pomys\u0142owe, estetyczne, &hellip; <\/p>\n","protected":false},"author":1,"featured_media":0,"comment_status":"closed","ping_status":"open","sticky":false,"template":"","format":"standard","meta":[],"categories":[29,1],"tags":[],"_links":{"self":[{"href":"https:\/\/splegowo.pl\/index.php\/wp-json\/wp\/v2\/posts\/18165"}],"collection":[{"href":"https:\/\/splegowo.pl\/index.php\/wp-json\/wp\/v2\/posts"}],"about":[{"href":"https:\/\/splegowo.pl\/index.php\/wp-json\/wp\/v2\/types\/post"}],"author":[{"embeddable":true,"href":"https:\/\/splegowo.pl\/index.php\/wp-json\/wp\/v2\/users\/1"}],"replies":[{"embeddable":true,"href":"https:\/\/splegowo.pl\/index.php\/wp-json\/wp\/v2\/comments?post=18165"}],"version-history":[{"count":13,"href":"https:\/\/splegowo.pl\/index.php\/wp-json\/wp\/v2\/posts\/18165\/revisions"}],"predecessor-version":[{"id":18215,"href":"https:\/\/splegowo.pl\/index.php\/wp-json\/wp\/v2\/posts\/18165\/revisions\/18215"}],"wp:attachment":[{"href":"https:\/\/splegowo.pl\/index.php\/wp-json\/wp\/v2\/media?parent=18165"}],"wp:term":[{"taxonomy":"category","embeddable":true,"href":"https:\/\/splegowo.pl\/index.php\/wp-json\/wp\/v2\/categories?post=18165"},{"taxonomy":"post_tag","embeddable":true,"href":"https:\/\/splegowo.pl\/index.php\/wp-json\/wp\/v2\/tags?post=18165"}],"curies":[{"name":"wp","href":"https:\/\/api.w.org\/{rel}","templated":true}]}}