{"id":17798,"date":"2022-09-18T15:35:40","date_gmt":"2022-09-18T13:35:40","guid":{"rendered":"https:\/\/splegowo.pl\/?p=17798"},"modified":"2022-09-18T15:42:04","modified_gmt":"2022-09-18T13:42:04","slug":"szkolny-swietlicowy-konkurs-pocztowka-z-wakacji","status":"publish","type":"post","link":"https:\/\/splegowo.pl\/index.php\/2022\/09\/18\/szkolny-swietlicowy-konkurs-pocztowka-z-wakacji\/","title":{"rendered":"Szkolny \u015bwietlicowy konkurs &#8222;POCZT\u00d3WKA Z WAKACJI&#8221;"},"content":{"rendered":"\t\t<div data-elementor-type=\"wp-post\" data-elementor-id=\"17798\" class=\"elementor elementor-17798\">\n\t\t\t\t\t\t\t\t\t<section class=\"elementor-section elementor-top-section elementor-element elementor-element-4f1c5dd elementor-section-boxed elementor-section-height-default elementor-section-height-default\" data-id=\"4f1c5dd\" data-element_type=\"section\">\n\t\t\t\t\t\t<div class=\"elementor-container elementor-column-gap-default\">\n\t\t\t\t\t<div class=\"elementor-column elementor-col-100 elementor-top-column elementor-element elementor-element-c432f7a\" data-id=\"c432f7a\" data-element_type=\"column\">\n\t\t\t<div class=\"elementor-widget-wrap elementor-element-populated\">\n\t\t\t\t\t\t\t\t<div class=\"elementor-element elementor-element-6c51660 elementor-widget elementor-widget-text-editor\" data-id=\"6c51660\" data-element_type=\"widget\" data-widget_type=\"text-editor.default\">\n\t\t\t\t<div class=\"elementor-widget-container\">\n\t\t\t\t\t\t\t<p dir=\"ltr\">Organizatorem konkursu jest \u015bwietlica szkolna w Szkole Podstawowej im. Bohater\u00f3w Grudnia \u201870\u00a0w \u0141\u0119gowie<\/p><p>\u00a0<\/p><p dir=\"ltr\">1. CELE KONKURSU<\/p><ul><li dir=\"ltr\">rozwijanie wra\u017cliwo\u015bci plastycznej i estetycznej<\/li><li dir=\"ltr\">rozwijanie inwencji tw\u00f3rczej i manualnej<\/li><\/ul><p>\u00a0<\/p><p dir=\"ltr\">2. PRZEDMIOTEM KONKURSU jest samodzielne wykonanie pracy plastycznej pt. \u201dPoczt\u00f3wka z wakacji\u201d<\/p><ul><li dir=\"ltr\">format pracy A4<\/li><li dir=\"ltr\">dowolna technika (kolorowa bibu\u0142a, wycinanki, kolorowe tasiemki, farby, materia\u0142y recyklingowe np. kolorowe plastikowe\u00a0 nakr\u0119tki, kolorowe gazety, itp.)\u00a0<\/li><\/ul><p>\u00a0<\/p><p dir=\"ltr\">3. WARUNKI UCZESTNICTWA<\/p><ul><li dir=\"ltr\">ka\u017cde dziecko ucz\u0119szczaj\u0105ce do \u015bwietlicy szkolnej z klas 0-3 mo\u017ce wykona\u0107 1 prac\u0119<\/li><li dir=\"ltr\">ka\u017cda z prac powinna zawiera\u0107 nast\u0119puj\u0105ce informacje: imi\u0119, nazwisko autora, klasa<\/li><\/ul><p>\u00a0<\/p><p dir=\"ltr\">4. TERMIN SK\u0141ADANIA PRAC:<\/p><ul><li dir=\"ltr\">prace nale\u017cy sk\u0142ada\u0107 do \u015bwietlicy szkolnej w terminie do 11 pa\u017adziernika 2022r.<\/li><\/ul><p>\u00a0<\/p><p dir=\"ltr\">5. OG\u0141OSZENIE WYNIK\u00d3W:<\/p><ul><li dir=\"ltr\">wyniki konkursu zostan\u0105 og\u0142oszone do dnia 17 pa\u017adziernika 2022r.<\/li><\/ul>\t\t\t\t\t\t<\/div>\n\t\t\t\t<\/div>\n\t\t\t\t\t<\/div>\n\t\t<\/div>\n\t\t\t\t\t\t\t<\/div>\n\t\t<\/section>\n\t\t\t\t\t\t\t<\/div>\n\t\t","protected":false},"excerpt":{"rendered":"<p>Organizatorem konkursu jest \u015bwietlica szkolna w Szkole Podstawowej im. Bohater\u00f3w Grudnia \u201870&nbsp;w \u0141\u0119gowie 1. CELE KONKURSU rozwijanie wra\u017cliwo\u015bci plastycznej i &hellip; <\/p>\n","protected":false},"author":1,"featured_media":17803,"comment_status":"closed","ping_status":"open","sticky":false,"template":"","format":"standard","meta":[],"categories":[34],"tags":[],"_links":{"self":[{"href":"https:\/\/splegowo.pl\/index.php\/wp-json\/wp\/v2\/posts\/17798"}],"collection":[{"href":"https:\/\/splegowo.pl\/index.php\/wp-json\/wp\/v2\/posts"}],"about":[{"href":"https:\/\/splegowo.pl\/index.php\/wp-json\/wp\/v2\/types\/post"}],"author":[{"embeddable":true,"href":"https:\/\/splegowo.pl\/index.php\/wp-json\/wp\/v2\/users\/1"}],"replies":[{"embeddable":true,"href":"https:\/\/splegowo.pl\/index.php\/wp-json\/wp\/v2\/comments?post=17798"}],"version-history":[{"count":5,"href":"https:\/\/splegowo.pl\/index.php\/wp-json\/wp\/v2\/posts\/17798\/revisions"}],"predecessor-version":[{"id":17804,"href":"https:\/\/splegowo.pl\/index.php\/wp-json\/wp\/v2\/posts\/17798\/revisions\/17804"}],"wp:featuredmedia":[{"embeddable":true,"href":"https:\/\/splegowo.pl\/index.php\/wp-json\/wp\/v2\/media\/17803"}],"wp:attachment":[{"href":"https:\/\/splegowo.pl\/index.php\/wp-json\/wp\/v2\/media?parent=17798"}],"wp:term":[{"taxonomy":"category","embeddable":true,"href":"https:\/\/splegowo.pl\/index.php\/wp-json\/wp\/v2\/categories?post=17798"},{"taxonomy":"post_tag","embeddable":true,"href":"https:\/\/splegowo.pl\/index.php\/wp-json\/wp\/v2\/tags?post=17798"}],"curies":[{"name":"wp","href":"https:\/\/api.w.org\/{rel}","templated":true}]}}