{"id":17792,"date":"2022-09-13T16:00:46","date_gmt":"2022-09-13T14:00:46","guid":{"rendered":"https:\/\/splegowo.pl\/?p=17792"},"modified":"2022-09-13T16:02:38","modified_gmt":"2022-09-13T14:02:38","slug":"iii-ogolnopolski-konkurs-plastyczny-odpoczywaj-na-wsi","status":"publish","type":"post","link":"https:\/\/splegowo.pl\/index.php\/2022\/09\/13\/iii-ogolnopolski-konkurs-plastyczny-odpoczywaj-na-wsi\/","title":{"rendered":"III Og\u00f3lnopolski konkurs plastyczny \u201eOdpoczywaj na wsi\u201d"},"content":{"rendered":"\t\t<div data-elementor-type=\"wp-post\" data-elementor-id=\"17792\" class=\"elementor elementor-17792\">\n\t\t\t\t\t\t\t\t\t<section class=\"elementor-section elementor-top-section elementor-element elementor-element-0ad1482 elementor-section-boxed elementor-section-height-default elementor-section-height-default\" data-id=\"0ad1482\" data-element_type=\"section\">\n\t\t\t\t\t\t<div class=\"elementor-container elementor-column-gap-default\">\n\t\t\t\t\t<div class=\"elementor-column elementor-col-100 elementor-top-column elementor-element elementor-element-9297127\" data-id=\"9297127\" data-element_type=\"column\">\n\t\t\t<div class=\"elementor-widget-wrap elementor-element-populated\">\n\t\t\t\t\t\t\t\t<div class=\"elementor-element elementor-element-b6ae64b elementor-widget elementor-widget-text-editor\" data-id=\"b6ae64b\" data-element_type=\"widget\" data-widget_type=\"text-editor.default\">\n\t\t\t\t<div class=\"elementor-widget-container\">\n\t\t\t\t\t\t\t<p>Ministerstwo Rolnictwa i Rozwoju Wsi zaprasza dzieci i m\u0142odzie\u017c ze szk\u00f3\u0142 podstawowych do udzia\u0142u w og\u00f3lnopolskim konkursie plastycznym \u201eOdpoczywaj na wsi\u201d.<\/p><p>Celem konkursu jest:<\/p><ol><li>promowanie w\u015br\u00f3d uczni\u00f3w wypoczynku na polskiej wsi, w szczeg\u00f3lno\u015bci z uwzgl\u0119dnieniem walor\u00f3w naturalnych, dziedzictwa kulturowego i kulinarnego oraz r\u00f3\u017cnorodno\u015bci przyrodniczej obszar\u00f3w wiejskich;<\/li><li>kreowanie wizerunku obszar\u00f3w wiejskich jako turystycznego rynku oferuj\u0105cego zr\u00f3\u017cnicowane i ca\u0142oroczne atrakcje;<\/li><li>promocja dzia\u0142a\u0144 realizowanych w ramach Programu Rozwoju Obszar\u00f3w Wiejskich i projektu \u201eOdpoczywaj na wsi\u201d;<\/li><li>popularyzacja tw\u00f3rczo\u015bci plastycznej dzieci i m\u0142odzie\u017cy.<\/li><\/ol><p>Konkurs przebiega w trzech etapach: szkolnym, wojew\u00f3dzkim i og\u00f3lnopolskim.<\/p><p>Etap szkolny zako\u0144czy si\u0119\u00a030 wrze\u015bnia 2022 r.<\/p><h3>\u00a0<\/h3><h3>Materia\u0142y do pobrania:<\/h3><ul><li><a href=\"https:\/\/www.gov.pl\/attachment\/7934eb06-9f8d-4ec5-80b3-51e5365544af\" target=\"_blank\" rel=\"noopener\" data-saferedirecturl=\"https:\/\/www.google.com\/url?q=https:\/\/www.gov.pl\/attachment\/7934eb06-9f8d-4ec5-80b3-51e5365544af&amp;source=gmail&amp;ust=1663163376525000&amp;usg=AOvVaw0LR2c-2znAptpad1QWy-0V\">Regulamin Konkursu \u201eOdpoczywaj na wsi\u201d<br \/>Regulamin_Konkursu_Odpoczywaj_<wbr \/>na_wsi.pdf 0.24MB<\/a><\/li><li><a href=\"https:\/\/www.gov.pl\/attachment\/6bbd9289-5d6c-4906-b404-3a23f9b57bfd\" target=\"_blank\" rel=\"noopener\" data-saferedirecturl=\"https:\/\/www.google.com\/url?q=https:\/\/www.gov.pl\/attachment\/6bbd9289-5d6c-4906-b404-3a23f9b57bfd&amp;source=gmail&amp;ust=1663163376525000&amp;usg=AOvVaw3oXlxv2yCQiIMm3yKiAcQK\">Formularz zg\u0142oszeniowy Konkurs \u201eOdpoczywaj na wsi\u201d<br \/>Formularz_zg\u0142oszeniowy.pdf 0.28MB<\/a><\/li><\/ul>\t\t\t\t\t\t<\/div>\n\t\t\t\t<\/div>\n\t\t\t\t\t<\/div>\n\t\t<\/div>\n\t\t\t\t\t\t\t<\/div>\n\t\t<\/section>\n\t\t\t\t\t\t\t<\/div>\n\t\t","protected":false},"excerpt":{"rendered":"<p>Ministerstwo Rolnictwa i Rozwoju Wsi zaprasza dzieci i m\u0142odzie\u017c ze szk\u00f3\u0142 podstawowych do udzia\u0142u w og\u00f3lnopolskim konkursie plastycznym \u201eOdpoczywaj na &hellip; <\/p>\n","protected":false},"author":1,"featured_media":0,"comment_status":"closed","ping_status":"open","sticky":false,"template":"","format":"standard","meta":[],"categories":[34],"tags":[],"_links":{"self":[{"href":"https:\/\/splegowo.pl\/index.php\/wp-json\/wp\/v2\/posts\/17792"}],"collection":[{"href":"https:\/\/splegowo.pl\/index.php\/wp-json\/wp\/v2\/posts"}],"about":[{"href":"https:\/\/splegowo.pl\/index.php\/wp-json\/wp\/v2\/types\/post"}],"author":[{"embeddable":true,"href":"https:\/\/splegowo.pl\/index.php\/wp-json\/wp\/v2\/users\/1"}],"replies":[{"embeddable":true,"href":"https:\/\/splegowo.pl\/index.php\/wp-json\/wp\/v2\/comments?post=17792"}],"version-history":[{"count":4,"href":"https:\/\/splegowo.pl\/index.php\/wp-json\/wp\/v2\/posts\/17792\/revisions"}],"predecessor-version":[{"id":17796,"href":"https:\/\/splegowo.pl\/index.php\/wp-json\/wp\/v2\/posts\/17792\/revisions\/17796"}],"wp:attachment":[{"href":"https:\/\/splegowo.pl\/index.php\/wp-json\/wp\/v2\/media?parent=17792"}],"wp:term":[{"taxonomy":"category","embeddable":true,"href":"https:\/\/splegowo.pl\/index.php\/wp-json\/wp\/v2\/categories?post=17792"},{"taxonomy":"post_tag","embeddable":true,"href":"https:\/\/splegowo.pl\/index.php\/wp-json\/wp\/v2\/tags?post=17792"}],"curies":[{"name":"wp","href":"https:\/\/api.w.org\/{rel}","templated":true}]}}