{"id":17769,"date":"2022-09-02T09:07:38","date_gmt":"2022-09-02T07:07:38","guid":{"rendered":"https:\/\/splegowo.pl\/?p=17769"},"modified":"2022-09-02T09:24:28","modified_gmt":"2022-09-02T07:24:28","slug":"ubezpieczenie-2022-2023","status":"publish","type":"post","link":"https:\/\/splegowo.pl\/index.php\/2022\/09\/02\/ubezpieczenie-2022-2023\/","title":{"rendered":"Ubezpieczenie 2022\/2023"},"content":{"rendered":"\t\t<div data-elementor-type=\"wp-post\" data-elementor-id=\"17769\" class=\"elementor elementor-17769\">\n\t\t\t\t\t\t\t\t\t<section class=\"elementor-section elementor-top-section elementor-element elementor-element-431fe35 elementor-section-boxed elementor-section-height-default elementor-section-height-default\" data-id=\"431fe35\" data-element_type=\"section\">\n\t\t\t\t\t\t<div class=\"elementor-container elementor-column-gap-default\">\n\t\t\t\t\t<div class=\"elementor-column elementor-col-100 elementor-top-column elementor-element elementor-element-254d64b\" data-id=\"254d64b\" data-element_type=\"column\">\n\t\t\t<div class=\"elementor-widget-wrap elementor-element-populated\">\n\t\t\t\t\t\t\t\t<div class=\"elementor-element elementor-element-6f5924f elementor-widget elementor-widget-text-editor\" data-id=\"6f5924f\" data-element_type=\"widget\" data-widget_type=\"text-editor.default\">\n\t\t\t\t<div class=\"elementor-widget-container\">\n\t\t\t\t\t\t\t<p><span style=\"color: #222222; font-family: Arial, Helvetica, sans-serif; font-size: small;\">Zamieszczamy ofert\u0119 ubezpieczenia wybran\u0105 przez Rad\u0119 Rodzic\u00f3w.<\/span><\/p><p><span style=\"color: #222222; font-family: Arial, Helvetica, sans-serif; font-size: small;\">\u00a0<\/span><\/p><p><span style=\"color: #222222; font-family: Arial, Helvetica, sans-serif; font-size: small;\">Wystarczy klikn\u0105\u0107 na ikonk\u0119 &#8222;KUP TERAZ&#8221;, wybra\u0107 ilo\u015b\u0107 os\u00f3b ubezpieczonych i pocz\u0105tek okresu ubezpieczenia.<\/span><br style=\"color: #222222; font-family: Arial, Helvetica, sans-serif; font-size: small;\" \/><span style=\"color: #222222; font-family: Arial, Helvetica, sans-serif; font-size: small;\">Przy zakupie ubezpieczenia\u00a0<\/span><u style=\"color: #222222; font-family: Arial, Helvetica, sans-serif; font-size: small;\">dla drugiego dziecka w rodzinie generuje si\u0119 dodatkowa zni\u017cka w wysoko\u015bci 5%, a przy kolejnych dzieciach (tj. trzecim, czwartym itd.) 10%<\/u><span style=\"color: #222222; font-family: Arial, Helvetica, sans-serif; font-size: small;\">.<\/span><br style=\"color: #222222; font-family: Arial, Helvetica, sans-serif; font-size: small;\" \/><span style=\"color: #222222; font-family: Arial, Helvetica, sans-serif; font-size: small;\">Po wybraniu wariantu i wpisaniu danych osobowych nast\u0119puje przekierowanie na p\u0142atno\u015b\u0107 i umowa zostaje zawarta.<\/span><br style=\"color: #222222; font-family: Arial, Helvetica, sans-serif; font-size: small;\" \/><br style=\"color: #222222; font-family: Arial, Helvetica, sans-serif; font-size: small;\" \/><span style=\"color: #222222; font-family: Arial, Helvetica, sans-serif; font-size: small;\">Po klikni\u0119ciu w podany link uzyskuje si\u0119 dost\u0119p do og\u00f3lnych warunk\u00f3w ubezpieczenia (w tym tabeli uszczerbk\u00f3w na zdrowiu) i postanowie\u0144 dodatkowych.\u00a0<\/span><span style=\"color: #222222; font-family: Arial, Helvetica, sans-serif; font-size: small;\">Niezale\u017cnie po wpisaniu adresu mailowego do rodzica trafi\u0105 na skrzynk\u0119 mailow\u0105 opr\u00f3cz zawartej polisy r\u00f3wnie\u017c og\u00f3lne warunki ubezpieczenia i postanowienia dodatkowe.<\/span><\/p><p><a href=\"https:\/\/tuz.pl\/ubezpieczenia-szkolne\/?kod=PFU2022\"><span style=\"color: #222222; font-family: Arial, Helvetica, sans-serif; font-size: small;\">Link do ubezpieczenia:\u00a0<\/span><span style=\"color: #222222; font-family: Arial, Helvetica, sans-serif; font-size: small;\">https:\/\/tuz.pl\/ubezpieczenia-szkolne\/?kod=PFU2022<\/span><\/a><\/p><p><br style=\"color: #222222; font-family: Arial, Helvetica, sans-serif; font-size: small;\" \/><br style=\"color: #222222; font-family: Arial, Helvetica, sans-serif; font-size: small;\" \/><span style=\"color: #222222; font-family: Arial, Helvetica, sans-serif; font-size: small;\">Kontakt do przedstawiciela:<\/span><\/p><p><span style=\"color: #222222; font-family: Arial, Helvetica, sans-serif; font-size: small;\">KRZYSZTOF JAROCH<\/span><\/p><p><span style=\"color: #222222; font-family: Arial, Helvetica, sans-serif; font-size: small;\">tel. kom: 501-317-823, 501-643-009<\/span><\/p><p><span style=\"color: #222222; font-family: Arial, Helvetica, sans-serif; font-size: small;\">e-mail:\u00a0 nnwubezpieczenie@gmail.com<\/span><\/p><p><span style=\"color: #222222; font-family: Arial, Helvetica, sans-serif; font-size: small;\">\u00a0 \u00a0 \u00a0 \u00a0 \u00a0 \u00a0 \u00a0 k.jaroch@cuexpert.pl<\/span><\/p>\t\t\t\t\t\t<\/div>\n\t\t\t\t<\/div>\n\t\t\t\t\t<\/div>\n\t\t<\/div>\n\t\t\t\t\t\t\t<\/div>\n\t\t<\/section>\n\t\t\t\t\t\t\t<\/div>\n\t\t","protected":false},"excerpt":{"rendered":"<p>Zamieszczamy ofert\u0119 ubezpieczenia wybran\u0105 przez Rad\u0119 Rodzic\u00f3w. \u00a0 Wystarczy klikn\u0105\u0107 na ikonk\u0119 &#8222;KUP TERAZ&#8221;, wybra\u0107 ilo\u015b\u0107 os\u00f3b ubezpieczonych i pocz\u0105tek &hellip; <\/p>\n","protected":false},"author":1,"featured_media":0,"comment_status":"closed","ping_status":"open","sticky":false,"template":"","format":"standard","meta":[],"categories":[29,42],"tags":[],"_links":{"self":[{"href":"https:\/\/splegowo.pl\/index.php\/wp-json\/wp\/v2\/posts\/17769"}],"collection":[{"href":"https:\/\/splegowo.pl\/index.php\/wp-json\/wp\/v2\/posts"}],"about":[{"href":"https:\/\/splegowo.pl\/index.php\/wp-json\/wp\/v2\/types\/post"}],"author":[{"embeddable":true,"href":"https:\/\/splegowo.pl\/index.php\/wp-json\/wp\/v2\/users\/1"}],"replies":[{"embeddable":true,"href":"https:\/\/splegowo.pl\/index.php\/wp-json\/wp\/v2\/comments?post=17769"}],"version-history":[{"count":10,"href":"https:\/\/splegowo.pl\/index.php\/wp-json\/wp\/v2\/posts\/17769\/revisions"}],"predecessor-version":[{"id":17780,"href":"https:\/\/splegowo.pl\/index.php\/wp-json\/wp\/v2\/posts\/17769\/revisions\/17780"}],"wp:attachment":[{"href":"https:\/\/splegowo.pl\/index.php\/wp-json\/wp\/v2\/media?parent=17769"}],"wp:term":[{"taxonomy":"category","embeddable":true,"href":"https:\/\/splegowo.pl\/index.php\/wp-json\/wp\/v2\/categories?post=17769"},{"taxonomy":"post_tag","embeddable":true,"href":"https:\/\/splegowo.pl\/index.php\/wp-json\/wp\/v2\/tags?post=17769"}],"curies":[{"name":"wp","href":"https:\/\/api.w.org\/{rel}","templated":true}]}}