{"id":17749,"date":"2022-08-26T14:28:12","date_gmt":"2022-08-26T12:28:12","guid":{"rendered":"https:\/\/splegowo.pl\/?p=17749"},"modified":"2022-08-26T14:30:57","modified_gmt":"2022-08-26T12:30:57","slug":"uroczyste-rozpoczecie-roku-szkolnego-2022-2023","status":"publish","type":"post","link":"https:\/\/splegowo.pl\/index.php\/2022\/08\/26\/uroczyste-rozpoczecie-roku-szkolnego-2022-2023\/","title":{"rendered":"Uroczyste rozpocz\u0119cie Roku Szkolnego 2022\/2023"},"content":{"rendered":"\t\t<div data-elementor-type=\"wp-post\" data-elementor-id=\"17749\" class=\"elementor elementor-17749\">\n\t\t\t\t\t\t\t\t\t<section class=\"elementor-section elementor-top-section elementor-element elementor-element-f88cda1 elementor-section-boxed elementor-section-height-default elementor-section-height-default\" data-id=\"f88cda1\" data-element_type=\"section\">\n\t\t\t\t\t\t<div class=\"elementor-container elementor-column-gap-default\">\n\t\t\t\t\t<div class=\"elementor-column elementor-col-100 elementor-top-column elementor-element elementor-element-55f963f\" data-id=\"55f963f\" data-element_type=\"column\">\n\t\t\t<div class=\"elementor-widget-wrap elementor-element-populated\">\n\t\t\t\t\t\t\t\t<div class=\"elementor-element elementor-element-1edfc13 elementor-widget elementor-widget-text-editor\" data-id=\"1edfc13\" data-element_type=\"widget\" data-widget_type=\"text-editor.default\">\n\t\t\t\t<div class=\"elementor-widget-container\">\n\t\t\t\t\t\t\t<p style=\"margin: 0cm 0cm 10pt; color: #222222; line-height: 16.8667px; font-size: 11pt; font-family: Calibri, 'sans-serif';\" align=\"center\">\n<\/p><p style=\"margin: 0cm 0cm 10pt 219.75pt; color: #222222; line-height: 16.8667px; font-size: 11pt; font-family: Calibri, 'sans-serif';\"><b><span style=\"font-size: 26pt; line-height: 39.8667px;\">KLASY 4-8 GODZ. 8<u><sup>00<\/sup><\/u><\/span><\/b><\/p>\n<p style=\"margin: 0cm 0cm 10pt 219.75pt; color: #222222; line-height: 16.8667px; font-size: 11pt; font-family: Calibri, 'sans-serif';\"><b><span style=\"font-size: 26pt; line-height: 39.8667px;\">KLASY 0-1 GODZ. 9<u><sup>45<\/sup><\/u><\/span><\/b><\/p>\n<p style=\"margin: 0cm 0cm 10pt 219.75pt; color: #222222; line-height: 16.8667px; font-size: 11pt; font-family: Calibri, 'sans-serif';\"><b><span style=\"font-size: 26pt; line-height: 39.8667px;\">KLASY 2-3 GODZ. 11<u><sup>15<\/sup><\/u><\/span><\/b><\/p>\n<p style=\"margin: 0cm 0cm 10pt; color: #222222; line-height: 16.8667px; font-size: 11pt; font-family: Calibri, 'sans-serif';\">&nbsp;<span style=\"font-size: 11pt; font-weight: var( --e-global-typography-text-font-weight );\">&nbsp;<\/span><\/p>\n<p style=\"margin: 0cm 0cm 10pt; color: #222222; text-align: center; line-height: 16.8667px; font-size: 11pt; font-family: Calibri, 'sans-serif';\" align=\"center\">\n<\/p><p style=\"margin: 0cm 0cm 10pt; color: #222222; text-align: center; line-height: 16.8667px; font-size: 11pt; font-family: Calibri, 'sans-serif';\" align=\"center\"><b><span style=\"font-size: 20pt; line-height: 30.6667px;\">UROCZYSTO\u015a\u0106 ODB\u0118DZIE SI\u0118 NA BOISKU SZKOLNYM, A W PRZYPADKU&nbsp;<br>DESZCZU W SALI GIMNASTYCZNEJ<\/span><\/b><\/p>\n<p style=\"margin: 0cm 0cm 10pt; color: #222222; text-align: center; line-height: 16.8667px; font-size: 11pt; font-family: Calibri, 'sans-serif';\" align=\"center\"><b><span style=\"font-size: 20pt; line-height: 30.6667px;\">&nbsp;<\/span><\/b><\/p>\n<p style=\"margin: 0cm 0cm 10pt; color: #222222; text-align: center; line-height: 16.8667px; font-size: 11pt; font-family: Calibri, 'sans-serif';\" align=\"center\"><b><span style=\"font-size: 20pt; line-height: 30.6667px;\">Uczniowie klas 7 i 8 z rejonu szko\u0142y w Wojanowie zostan\u0105 odwiezieni autobusem o godz. 9.00&nbsp;<\/span><\/b><\/p>\t\t\t\t\t\t<\/div>\n\t\t\t\t<\/div>\n\t\t\t\t\t<\/div>\n\t\t<\/div>\n\t\t\t\t\t\t\t<\/div>\n\t\t<\/section>\n\t\t\t\t\t\t\t<\/div>\n\t\t","protected":false},"excerpt":{"rendered":"<p>KLASY 4-8 GODZ. 800 KLASY 0-1 GODZ. 945 KLASY 2-3 GODZ. 1115 &nbsp;&nbsp; UROCZYSTO\u015a\u0106 ODB\u0118DZIE SI\u0118 NA BOISKU SZKOLNYM, A &hellip; <\/p>\n","protected":false},"author":1,"featured_media":0,"comment_status":"closed","ping_status":"open","sticky":false,"template":"","format":"standard","meta":[],"categories":[29,42],"tags":[],"_links":{"self":[{"href":"https:\/\/splegowo.pl\/index.php\/wp-json\/wp\/v2\/posts\/17749"}],"collection":[{"href":"https:\/\/splegowo.pl\/index.php\/wp-json\/wp\/v2\/posts"}],"about":[{"href":"https:\/\/splegowo.pl\/index.php\/wp-json\/wp\/v2\/types\/post"}],"author":[{"embeddable":true,"href":"https:\/\/splegowo.pl\/index.php\/wp-json\/wp\/v2\/users\/1"}],"replies":[{"embeddable":true,"href":"https:\/\/splegowo.pl\/index.php\/wp-json\/wp\/v2\/comments?post=17749"}],"version-history":[{"count":4,"href":"https:\/\/splegowo.pl\/index.php\/wp-json\/wp\/v2\/posts\/17749\/revisions"}],"predecessor-version":[{"id":17753,"href":"https:\/\/splegowo.pl\/index.php\/wp-json\/wp\/v2\/posts\/17749\/revisions\/17753"}],"wp:attachment":[{"href":"https:\/\/splegowo.pl\/index.php\/wp-json\/wp\/v2\/media?parent=17749"}],"wp:term":[{"taxonomy":"category","embeddable":true,"href":"https:\/\/splegowo.pl\/index.php\/wp-json\/wp\/v2\/categories?post=17749"},{"taxonomy":"post_tag","embeddable":true,"href":"https:\/\/splegowo.pl\/index.php\/wp-json\/wp\/v2\/tags?post=17749"}],"curies":[{"name":"wp","href":"https:\/\/api.w.org\/{rel}","templated":true}]}}