{"id":17654,"date":"2022-06-24T14:04:00","date_gmt":"2022-06-24T12:04:00","guid":{"rendered":"https:\/\/splegowo.pl\/?p=17654"},"modified":"2022-06-28T14:11:03","modified_gmt":"2022-06-28T12:11:03","slug":"uroczyste-zakonczenie-roku-szkolnego-2021-2022","status":"publish","type":"post","link":"https:\/\/splegowo.pl\/index.php\/2022\/06\/24\/uroczyste-zakonczenie-roku-szkolnego-2021-2022\/","title":{"rendered":"Uroczyste zako\u0144czenie roku szkolnego 2021\/2022"},"content":{"rendered":"\t\t<div data-elementor-type=\"wp-post\" data-elementor-id=\"17654\" class=\"elementor elementor-17654\">\n\t\t\t\t\t\t\t\t\t<section class=\"elementor-section elementor-top-section elementor-element elementor-element-44bb7ac elementor-section-boxed elementor-section-height-default elementor-section-height-default\" data-id=\"44bb7ac\" data-element_type=\"section\">\n\t\t\t\t\t\t<div class=\"elementor-container elementor-column-gap-default\">\n\t\t\t\t\t<div class=\"elementor-column elementor-col-100 elementor-top-column elementor-element elementor-element-53b28e8\" data-id=\"53b28e8\" data-element_type=\"column\">\n\t\t\t<div class=\"elementor-widget-wrap elementor-element-populated\">\n\t\t\t\t\t\t\t\t<div class=\"elementor-element elementor-element-62d49ee elementor-widget elementor-widget-text-editor\" data-id=\"62d49ee\" data-element_type=\"widget\" data-widget_type=\"text-editor.default\">\n\t\t\t\t<div class=\"elementor-widget-container\">\n\t\t\t\t\t\t\t<p><span style=\"font-weight: 400;\">24 czerwca 2022 roku w pi\u0119kny, s\u0142oneczny i upalny dzie\u0144, w czasie dw\u00f3ch uroczystych akademii o godzinie 8.00 i 11.00,\u00a0 nast\u0105pi\u0142o\u00a0 zako\u0144czenie nauki dla wszystkich uczni\u00f3w Szko\u0142y Podstawowej w \u0141\u0119gowie. Rano, o godzinie 8.00 na boisku sportowym przed szko\u0142\u0105 w uroczysto\u015bci zako\u0144czenia wzi\u0119li udzia\u0142 uczniowie z klas IV-VIII. Uroczyste spotkanie rozpocz\u0119to od\u015bpiewaniem przez wszystkich zebranych hymnu Polski. Nast\u0119pnie, g\u0142os zabra\u0142a <strong>Pani Dyrektor<\/strong>, kt\u00f3ra w kr\u00f3tkich s\u0142owach podsumowa\u0142a odchodz\u0105cy rok nauki.\u00a0<\/span><\/p><p><span style=\"font-weight: 400;\">Przypomnia\u0142a o niedawnej pandemii, chwilowo wygasaj\u0105cej, o uczniach z Ukrainy &#8211; uciekaj\u0105cych ze swej ojczyzny ogarni\u0119tej wojn\u0105, o wszystkich trudnych, ale te\u017c pi\u0119knych momentach tego roku szkolnego. Podkre\u015bli\u0142a sukcesy szko\u0142y, bo a\u017c 130 uczni\u00f3w otrzyma\u0142o \u015bwiadectwo z wyr\u00f3\u017cnieniem, a \u015brednia ocen w szkole wynios\u0142a a\u017c 4,3.\u00a0 Wymieni\u0142a te\u017c najwa\u017cniejsze programy i projekty w jakich uczniowie szko\u0142y brali udzia\u0142. Na zako\u0144czenie\u00a0 podzi\u0119kowa\u0142a za trudn\u0105 i ofiarn\u0105 prac\u0119 ca\u0142emu gronu pedagogicznemu, jak te\u017c pracownikom administracji i obs\u0142ugi. Podzi\u0119kowania skierowa\u0142a tak\u017ce w stron\u0119 rodzic\u00f3w i przyjaci\u00f3\u0142 szko\u0142y za dobr\u0105 wsp\u00f3\u0142prac\u0119.<\/span><\/p><p><span style=\"font-weight: 400;\">Druga akademia o godzinie 11.00, ze wzgl\u0119du na wysok\u0105 temperatur\u0119 i piek\u0105ce s\u0142o\u0144ce, odby\u0142a si\u0119 w du\u017cej sali gimnastycznej. Bardzo licznie przybyli na ni\u0105 wraz ze swymi dzie\u0107mi rodzice, dziadkowie, rodze\u0144stwo i kuzyni. To zako\u0144czenie by\u0142o po\u0142\u0105czone z po\u017cegnaniem dw\u00f3ch os\u00f3b przechodz\u0105cych na emerytur\u0119. By\u0142a to <strong>Pani El\u017cbieta Wernio<\/strong> \u2013 nauczycielka edukacji wczesnoszkolnej i <strong>Pani Danuta St\u0119pniewska<\/strong> \u2013 pracownik obs\u0142ugi. Przepracowa\u0142y one w murach \u0142\u0119gowskiej szko\u0142y dziesi\u0105tki lat. Pani El\u017cbieta Wernio \u2013 41 lat, za\u015b Pani Danuta St\u0119pniewska 31 lat. Pani Dyrektor po\u017cegna\u0142a obie Panie wyg\u0142aszaj\u0105c pi\u0119kne przem\u00f3wienie pod ich adresem. <strong>Przewodnicz\u0105ca Rady Rodzic\u00f3w, Pani Dominika Ramotowska,<\/strong> tak\u017ce skierowa\u0142a w ich stron\u0119 kilka wzruszaj\u0105cych s\u0142\u00f3w. Byli wychowankowie Pani El\u017cbiety Wernio przygotowali kr\u00f3tki program artystyczny z wierszami, piosenkami i polnymi kwiatami. Na koniec Pani Dyrektor, \u017cycz\u0105c wszystkim zgromadzonym zdrowych, spokojnych i radosnych wakacji, og\u0142osi\u0142a rok szkolny 2021\/2022 za zako\u0144czony.<\/span><\/p><p>\u00a0<\/p><p><b>\u00a0 \u00a0 \u00a0 \u00a0 \u00a0 \u00a0 \u00a0 \u00a0 \u00a0 \u00a0 \u00a0 \u00a0 \u00a0 \u00a0 \u00a0 \u00a0 \u00a0 \u00a0 \u00a0 \u00a0 \u00a0 \u00a0 \u00a0 \u00a0 \u00a0 \u00a0 NIECH \u017bYJE NATURA,\u00a0 G\u00d3RY I WODA I ODPOCZYNKU CZAS!<\/b><\/p>\t\t\t\t\t\t<\/div>\n\t\t\t\t<\/div>\n\t\t\t\t\t<\/div>\n\t\t<\/div>\n\t\t\t\t\t\t\t<\/div>\n\t\t<\/section>\n\t\t\t\t\t\t\t<\/div>\n\t\t","protected":false},"excerpt":{"rendered":"<p>24 czerwca 2022 roku w pi\u0119kny, s\u0142oneczny i upalny dzie\u0144, w czasie dw\u00f3ch uroczystych akademii o godzinie 8.00 i 11.00,&nbsp; &hellip; <\/p>\n","protected":false},"author":1,"featured_media":17659,"comment_status":"closed","ping_status":"open","sticky":false,"template":"","format":"standard","meta":[],"categories":[29,1],"tags":[],"_links":{"self":[{"href":"https:\/\/splegowo.pl\/index.php\/wp-json\/wp\/v2\/posts\/17654"}],"collection":[{"href":"https:\/\/splegowo.pl\/index.php\/wp-json\/wp\/v2\/posts"}],"about":[{"href":"https:\/\/splegowo.pl\/index.php\/wp-json\/wp\/v2\/types\/post"}],"author":[{"embeddable":true,"href":"https:\/\/splegowo.pl\/index.php\/wp-json\/wp\/v2\/users\/1"}],"replies":[{"embeddable":true,"href":"https:\/\/splegowo.pl\/index.php\/wp-json\/wp\/v2\/comments?post=17654"}],"version-history":[{"count":5,"href":"https:\/\/splegowo.pl\/index.php\/wp-json\/wp\/v2\/posts\/17654\/revisions"}],"predecessor-version":[{"id":17660,"href":"https:\/\/splegowo.pl\/index.php\/wp-json\/wp\/v2\/posts\/17654\/revisions\/17660"}],"wp:featuredmedia":[{"embeddable":true,"href":"https:\/\/splegowo.pl\/index.php\/wp-json\/wp\/v2\/media\/17659"}],"wp:attachment":[{"href":"https:\/\/splegowo.pl\/index.php\/wp-json\/wp\/v2\/media?parent=17654"}],"wp:term":[{"taxonomy":"category","embeddable":true,"href":"https:\/\/splegowo.pl\/index.php\/wp-json\/wp\/v2\/categories?post=17654"},{"taxonomy":"post_tag","embeddable":true,"href":"https:\/\/splegowo.pl\/index.php\/wp-json\/wp\/v2\/tags?post=17654"}],"curies":[{"name":"wp","href":"https:\/\/api.w.org\/{rel}","templated":true}]}}