{"id":17375,"date":"2022-05-31T19:11:56","date_gmt":"2022-05-31T17:11:56","guid":{"rendered":"https:\/\/splegowo.pl\/?p=17375"},"modified":"2022-05-31T19:17:41","modified_gmt":"2022-05-31T17:17:41","slug":"dlaczego-segregujemy-smieci","status":"publish","type":"post","link":"https:\/\/splegowo.pl\/index.php\/2022\/05\/31\/dlaczego-segregujemy-smieci\/","title":{"rendered":"Dlaczego segregujemy \u015bmieci?"},"content":{"rendered":"\t\t<div data-elementor-type=\"wp-post\" data-elementor-id=\"17375\" class=\"elementor elementor-17375\">\n\t\t\t\t\t\t\t\t\t<section class=\"elementor-section elementor-top-section elementor-element elementor-element-b53c049 elementor-section-boxed elementor-section-height-default elementor-section-height-default\" data-id=\"b53c049\" data-element_type=\"section\">\n\t\t\t\t\t\t<div class=\"elementor-container elementor-column-gap-default\">\n\t\t\t\t\t<div class=\"elementor-column elementor-col-100 elementor-top-column elementor-element elementor-element-7c8a519\" data-id=\"7c8a519\" data-element_type=\"column\">\n\t\t\t<div class=\"elementor-widget-wrap elementor-element-populated\">\n\t\t\t\t\t\t\t\t<div class=\"elementor-element elementor-element-1feb0ba elementor-widget elementor-widget-text-editor\" data-id=\"1feb0ba\" data-element_type=\"widget\" data-widget_type=\"text-editor.default\">\n\t\t\t\t<div class=\"elementor-widget-container\">\n\t\t\t\t\t\t\t<p dir=\"ltr\">W naszej szkole odby\u0142a si\u0119 akcja edukacyjna, dotycz\u0105ca selektywnej zbi\u00f3rki odpad\u00f3w komunalnych. Zaj\u0119cia o tematyce ekologicznej dla dzieci poprowadzi\u0142 przedstawiciel\u00a0firmy Altvater Pi\u0142a. Dotyczy\u0142y one przede wszystkim w\u0142a\u015bciwej segregacji odpad\u00f3w i sposob\u00f3w na ochron\u0119 \u015brodowiska, a tak\u017ce pokazywa\u0142y drog\u0119, jak\u0105 odpady pokonuj\u0105 z domowego \u015bmietnika do instalacji przetwarzaj\u0105cej. Uczniowie poznali r\u00f3wnie\u017c przyk\u0142ady produkt\u00f3w wytworzonych z surowc\u00f3w wt\u00f3rnych.\u00a0<\/p><p dir=\"ltr\">Dzieci by\u0142y bardzo zainteresowane tematyk\u0105 spotkania i aktywnie w nim uczestniczy\u0142y.\u00a0<\/p>\t\t\t\t\t\t<\/div>\n\t\t\t\t<\/div>\n\t\t\t\t\t<\/div>\n\t\t<\/div>\n\t\t\t\t\t\t\t<\/div>\n\t\t<\/section>\n\t\t\t\t<section class=\"elementor-section elementor-top-section elementor-element elementor-element-da8b3f0 elementor-section-boxed elementor-section-height-default elementor-section-height-default\" data-id=\"da8b3f0\" data-element_type=\"section\">\n\t\t\t\t\t\t<div class=\"elementor-container elementor-column-gap-default\">\n\t\t\t\t\t<div class=\"elementor-column elementor-col-100 elementor-top-column elementor-element elementor-element-29198b9\" data-id=\"29198b9\" data-element_type=\"column\">\n\t\t\t<div class=\"elementor-widget-wrap elementor-element-populated\">\n\t\t\t\t\t\t\t\t<div class=\"elementor-element elementor-element-cf05a07 elementor-widget elementor-widget-image-gallery\" data-id=\"cf05a07\" data-element_type=\"widget\" data-widget_type=\"image-gallery.default\">\n\t\t\t\t<div class=\"elementor-widget-container\">\n\t\t\t\t\t<div class=\"elementor-image-gallery\">\n\t\t\t<div id='gallery-1' class='gallery galleryid-17375 gallery-columns-3 gallery-size-thumbnail'><figure class='gallery-item'>\n\t\t\t<div class='gallery-icon landscape'>\n\t\t\t\t<a data-elementor-open-lightbox=\"yes\" data-elementor-lightbox-slideshow=\"cf05a07\" data-elementor-lightbox-title=\"20220518_084954\" data-e-action-hash=\"#elementor-action%3Aaction%3Dlightbox%26settings%3DeyJpZCI6MTczODAsInVybCI6Imh0dHBzOlwvXC9zcGxlZ293by5wbFwvd3AtY29udGVudFwvdXBsb2Fkc1wvMjAyMlwvMDVcLzIwMjIwNTE4XzA4NDk1NC5qcGciLCJzbGlkZXNob3ciOiJjZjA1YTA3In0%3D\" href='https:\/\/splegowo.pl\/wp-content\/uploads\/2022\/05\/20220518_084954.jpg'><img width=\"150\" height=\"150\" src=\"https:\/\/splegowo.pl\/wp-content\/uploads\/2022\/05\/20220518_084954-150x150.jpg\" class=\"attachment-thumbnail size-thumbnail\" alt=\"\" decoding=\"async\" loading=\"lazy\" srcset=\"https:\/\/splegowo.pl\/wp-content\/uploads\/2022\/05\/20220518_084954-150x150.jpg 150w, https:\/\/splegowo.pl\/wp-content\/uploads\/2022\/05\/20220518_084954-70x70.jpg 70w, https:\/\/splegowo.pl\/wp-content\/uploads\/2022\/05\/20220518_084954-246x246.jpg 246w, https:\/\/splegowo.pl\/wp-content\/uploads\/2022\/05\/20220518_084954-276x276.jpg 276w, https:\/\/splegowo.pl\/wp-content\/uploads\/2022\/05\/20220518_084954-125x125.jpg 125w\" sizes=\"(max-width: 150px) 100vw, 150px\" \/><\/a>\n\t\t\t<\/div><\/figure><figure class='gallery-item'>\n\t\t\t<div class='gallery-icon landscape'>\n\t\t\t\t<a data-elementor-open-lightbox=\"yes\" data-elementor-lightbox-slideshow=\"cf05a07\" data-elementor-lightbox-title=\"20220518_085037\" data-e-action-hash=\"#elementor-action%3Aaction%3Dlightbox%26settings%3DeyJpZCI6MTczODEsInVybCI6Imh0dHBzOlwvXC9zcGxlZ293by5wbFwvd3AtY29udGVudFwvdXBsb2Fkc1wvMjAyMlwvMDVcLzIwMjIwNTE4XzA4NTAzNy5qcGciLCJzbGlkZXNob3ciOiJjZjA1YTA3In0%3D\" href='https:\/\/splegowo.pl\/wp-content\/uploads\/2022\/05\/20220518_085037.jpg'><img width=\"150\" height=\"150\" src=\"https:\/\/splegowo.pl\/wp-content\/uploads\/2022\/05\/20220518_085037-150x150.jpg\" class=\"attachment-thumbnail size-thumbnail\" alt=\"\" decoding=\"async\" loading=\"lazy\" srcset=\"https:\/\/splegowo.pl\/wp-content\/uploads\/2022\/05\/20220518_085037-150x150.jpg 150w, https:\/\/splegowo.pl\/wp-content\/uploads\/2022\/05\/20220518_085037-70x70.jpg 70w, https:\/\/splegowo.pl\/wp-content\/uploads\/2022\/05\/20220518_085037-246x246.jpg 246w, https:\/\/splegowo.pl\/wp-content\/uploads\/2022\/05\/20220518_085037-276x276.jpg 276w, https:\/\/splegowo.pl\/wp-content\/uploads\/2022\/05\/20220518_085037-125x125.jpg 125w\" sizes=\"(max-width: 150px) 100vw, 150px\" \/><\/a>\n\t\t\t<\/div><\/figure><figure class='gallery-item'>\n\t\t\t<div class='gallery-icon landscape'>\n\t\t\t\t<a data-elementor-open-lightbox=\"yes\" data-elementor-lightbox-slideshow=\"cf05a07\" data-elementor-lightbox-title=\"20220518_085322\" data-e-action-hash=\"#elementor-action%3Aaction%3Dlightbox%26settings%3DeyJpZCI6MTczODIsInVybCI6Imh0dHBzOlwvXC9zcGxlZ293by5wbFwvd3AtY29udGVudFwvdXBsb2Fkc1wvMjAyMlwvMDVcLzIwMjIwNTE4XzA4NTMyMi5qcGciLCJzbGlkZXNob3ciOiJjZjA1YTA3In0%3D\" href='https:\/\/splegowo.pl\/wp-content\/uploads\/2022\/05\/20220518_085322.jpg'><img width=\"150\" height=\"150\" src=\"https:\/\/splegowo.pl\/wp-content\/uploads\/2022\/05\/20220518_085322-150x150.jpg\" class=\"attachment-thumbnail size-thumbnail\" alt=\"\" decoding=\"async\" loading=\"lazy\" srcset=\"https:\/\/splegowo.pl\/wp-content\/uploads\/2022\/05\/20220518_085322-150x150.jpg 150w, https:\/\/splegowo.pl\/wp-content\/uploads\/2022\/05\/20220518_085322-70x70.jpg 70w, https:\/\/splegowo.pl\/wp-content\/uploads\/2022\/05\/20220518_085322-246x246.jpg 246w, https:\/\/splegowo.pl\/wp-content\/uploads\/2022\/05\/20220518_085322-276x276.jpg 276w, https:\/\/splegowo.pl\/wp-content\/uploads\/2022\/05\/20220518_085322-125x125.jpg 125w\" sizes=\"(max-width: 150px) 100vw, 150px\" \/><\/a>\n\t\t\t<\/div><\/figure>\n\t\t<\/div>\n\t\t<\/div>\n\t\t\t\t<\/div>\n\t\t\t\t<\/div>\n\t\t\t\t\t<\/div>\n\t\t<\/div>\n\t\t\t\t\t\t\t<\/div>\n\t\t<\/section>\n\t\t\t\t\t\t\t<\/div>\n\t\t","protected":false},"excerpt":{"rendered":"<p>W naszej szkole odby\u0142a si\u0119 akcja edukacyjna, dotycz\u0105ca selektywnej zbi\u00f3rki odpad\u00f3w komunalnych. Zaj\u0119cia o tematyce ekologicznej dla dzieci poprowadzi\u0142 przedstawiciel&nbsp;firmy &hellip; <\/p>\n","protected":false},"author":1,"featured_media":17386,"comment_status":"closed","ping_status":"open","sticky":false,"template":"","format":"standard","meta":[],"categories":[29,1],"tags":[],"_links":{"self":[{"href":"https:\/\/splegowo.pl\/index.php\/wp-json\/wp\/v2\/posts\/17375"}],"collection":[{"href":"https:\/\/splegowo.pl\/index.php\/wp-json\/wp\/v2\/posts"}],"about":[{"href":"https:\/\/splegowo.pl\/index.php\/wp-json\/wp\/v2\/types\/post"}],"author":[{"embeddable":true,"href":"https:\/\/splegowo.pl\/index.php\/wp-json\/wp\/v2\/users\/1"}],"replies":[{"embeddable":true,"href":"https:\/\/splegowo.pl\/index.php\/wp-json\/wp\/v2\/comments?post=17375"}],"version-history":[{"count":8,"href":"https:\/\/splegowo.pl\/index.php\/wp-json\/wp\/v2\/posts\/17375\/revisions"}],"predecessor-version":[{"id":17387,"href":"https:\/\/splegowo.pl\/index.php\/wp-json\/wp\/v2\/posts\/17375\/revisions\/17387"}],"wp:featuredmedia":[{"embeddable":true,"href":"https:\/\/splegowo.pl\/index.php\/wp-json\/wp\/v2\/media\/17386"}],"wp:attachment":[{"href":"https:\/\/splegowo.pl\/index.php\/wp-json\/wp\/v2\/media?parent=17375"}],"wp:term":[{"taxonomy":"category","embeddable":true,"href":"https:\/\/splegowo.pl\/index.php\/wp-json\/wp\/v2\/categories?post=17375"},{"taxonomy":"post_tag","embeddable":true,"href":"https:\/\/splegowo.pl\/index.php\/wp-json\/wp\/v2\/tags?post=17375"}],"curies":[{"name":"wp","href":"https:\/\/api.w.org\/{rel}","templated":true}]}}