{"id":17335,"date":"2022-05-30T17:08:00","date_gmt":"2022-05-30T15:08:00","guid":{"rendered":"https:\/\/splegowo.pl\/?p=17335"},"modified":"2022-05-30T17:21:31","modified_gmt":"2022-05-30T15:21:31","slug":"harmonogram-zwrotow-podrecznikow-za-rok-szkolny-2021-2022","status":"publish","type":"post","link":"https:\/\/splegowo.pl\/index.php\/2022\/05\/30\/harmonogram-zwrotow-podrecznikow-za-rok-szkolny-2021-2022\/","title":{"rendered":"Harmonogram zwrot\u00f3w podr\u0119cznik\u00f3w za rok szkolny 2021\/2022"},"content":{"rendered":"\t\t<div data-elementor-type=\"wp-post\" data-elementor-id=\"17335\" class=\"elementor elementor-17335\">\n\t\t\t\t\t\t\t\t\t<section class=\"elementor-section elementor-top-section elementor-element elementor-element-6e0b961 elementor-section-boxed elementor-section-height-default elementor-section-height-default\" data-id=\"6e0b961\" data-element_type=\"section\">\n\t\t\t\t\t\t<div class=\"elementor-container elementor-column-gap-default\">\n\t\t\t\t\t<div class=\"elementor-column elementor-col-100 elementor-top-column elementor-element elementor-element-b6c76bb\" data-id=\"b6c76bb\" data-element_type=\"column\">\n\t\t\t<div class=\"elementor-widget-wrap elementor-element-populated\">\n\t\t\t\t\t\t\t\t<div class=\"elementor-element elementor-element-a33106f elementor-widget elementor-widget-text-editor\" data-id=\"a33106f\" data-element_type=\"widget\" data-widget_type=\"text-editor.default\">\n\t\t\t\t<div class=\"elementor-widget-container\">\n\t\t\t\t\t\t\t<p><strong>UCZNIOWIE WRAZ Z WYCHOWAWCAMI PRZYCHODZ\u0104 PRZED SAL\u0118 KOREKCYJN\u0104 I RAZEM Z PODR\u0118CZNIKAMI PRZYNOSZ\u0104 R\u00d3WNIE\u017b ZALEG\u0141E KSI\u0104\u017bKI Z BIBLIOTEKI &#8211; JE\u015aLI JESZCZE TEGO NIE ZROBILI.<\/strong><\/p>\n<p>\u00a0<\/p>\n<p><strong><u>PI\u0104TEK: 3 czerwca 2022<\/u><\/strong><\/p>\n<ul>\n<li>KLASA VIIIa \u00a0godzina\u00a0 10.10 wych. (D. Hurtak)<\/li>\n<\/ul>\n<p><strong><u>PONIEDZIALEK: 6 czerwca 2022 rok<\/u><\/strong><\/p>\n<ul>\n<li>KLASA VIIIb godzina 7.30 wych. (M. Kwiecie\u0144)<\/li>\n<li>KLASA VIIId godzina 8.20 na matematyce (J. S\u0142owikowska)<\/li>\n<li>KLASA VIId godzina 9.15 na religii (B. Matysiak)<\/li>\n<li>KLASA VIIa godzina 10.10 wych. (A. Grzmiel)<\/li>\n<li>KLASA\u00a0 VIIc godzina 11.10 wych. (M. Flejszar)\u00a0\u00a0\u00a0\u00a0\u00a0\u00a0\u00a0\u00a0\u00a0\u00a0\u00a0\u00a0\u00a0\u00a0\u00a0\u00a0\u00a0\u00a0\u00a0\u00a0\u00a0\u00a0\u00a0\u00a0\u00a0\u00a0\u00a0\u00a0\u00a0<\/li>\n<li>KLASA VIIIc godzina 12.10 wych.\u00a0 (M. Dawidowska)<\/li>\n<\/ul>\n<p><strong><u>WTOREK: 7 czerwca 2022 rok<\/u><\/strong><\/p>\n<ul>\n<li>KLASA VIIb godzina 8.20 \u00a0na religii (B. Matysiak)<\/li>\n<li>KLASA IIIb godzina 9.15\u00a0 wych. (K. Ciesielska)<\/li>\n<li>KLASA IIIa godzina\u00a0 10.10 wych.\u00a0\u00a0 (M. Pa\u015bko)<\/li>\n<li>KLASA IIIc\u00a0 godzina 11.10\u00a0 wych. (I. Pozna\u0144ska)<\/li>\n<li>KLASA\u00a0\u00a0 VIa\u00a0\u00a0 godzina 12.10\u00a0 wych. \u00a0(V. Dworak)<\/li>\n<li>KLASA\u00a0\u00a0 IVb\u00a0 godzina 12.30\u00a0 wych. (K. Wilk)<\/li>\n<\/ul>\n<p><strong><u>\u015aRODA: 8 czerwca 2022 rok\u00a0 <\/u><\/strong><\/p>\n<ul>\n<li>KLASA IIa \u00a0\u00a0godzina 9.15 \u00a0\u00a0wych. (A. \u0141agowska)<\/li>\n<li>KLASA IIb\u00a0\u00a0\u00a0 godzina 10.10 \u00a0\u00a0wych. (A. Suchcicka)<\/li>\n<li>KLASA IIc\u00a0\u00a0\u00a0 godzina 11.10 \u00a0wych. \u00a0(B. Dziergowska)<\/li>\n<\/ul>\n<p><strong><u>CZWARTEK: 9 czerwca 2022 rok <\/u><\/strong><strong>\u00a0<\/strong><\/p>\n<ul>\n<li>KLASA VIb \u00a0godzina 10.10\u00a0\u00a0 wych. (J. T\u0119\u017cycka)<\/li>\n<li>KLASA IVa \u00a0godzina\u00a0 11.10\u00a0 wych. (M. \u017bura\u0144ska)<\/li>\n<\/ul>\n<p><strong><u>PI\u0104TEK: 10 czerwca 2021 rok<\/u><\/strong><\/p>\n<ul>\n<li>KLASA Va\u00a0 godzina\u00a0 9.15\u00a0 wych. (\u0141. Sulewski)<\/li>\n<li>KLASA Ic \u00a0godzina 10.10 wych. (E. Wernio)<\/li>\n<li>KLASA Vb\u00a0 godzina 12.10\u00a0\u00a0\u00a0 wych. (E. Myszka)<\/li>\n<li>KLASA Ia \u00a0\u00a0godzina 11.10 wych. (A. Wirkus)<\/li>\n<li>KLASA Ib godzina 13.10 wych. (D. \u0141uczy\u0144ska)<\/li>\n<\/ul>\t\t\t\t\t\t<\/div>\n\t\t\t\t<\/div>\n\t\t\t\t\t<\/div>\n\t\t<\/div>\n\t\t\t\t\t\t\t<\/div>\n\t\t<\/section>\n\t\t\t\t\t\t\t<\/div>\n\t\t","protected":false},"excerpt":{"rendered":"<p>UCZNIOWIE WRAZ Z WYCHOWAWCAMI PRZYCHODZ\u0104 PRZED SAL\u0118 KOREKCYJN\u0104 I RAZEM Z PODR\u0118CZNIKAMI PRZYNOSZ\u0104 R\u00d3WNIE\u017b ZALEG\u0141E KSI\u0104\u017bKI Z BIBLIOTEKI &#8211; JE\u015aLI &hellip; <\/p>\n","protected":false},"author":1,"featured_media":0,"comment_status":"closed","ping_status":"open","sticky":false,"template":"","format":"standard","meta":[],"categories":[29,1],"tags":[],"_links":{"self":[{"href":"https:\/\/splegowo.pl\/index.php\/wp-json\/wp\/v2\/posts\/17335"}],"collection":[{"href":"https:\/\/splegowo.pl\/index.php\/wp-json\/wp\/v2\/posts"}],"about":[{"href":"https:\/\/splegowo.pl\/index.php\/wp-json\/wp\/v2\/types\/post"}],"author":[{"embeddable":true,"href":"https:\/\/splegowo.pl\/index.php\/wp-json\/wp\/v2\/users\/1"}],"replies":[{"embeddable":true,"href":"https:\/\/splegowo.pl\/index.php\/wp-json\/wp\/v2\/comments?post=17335"}],"version-history":[{"count":4,"href":"https:\/\/splegowo.pl\/index.php\/wp-json\/wp\/v2\/posts\/17335\/revisions"}],"predecessor-version":[{"id":17348,"href":"https:\/\/splegowo.pl\/index.php\/wp-json\/wp\/v2\/posts\/17335\/revisions\/17348"}],"wp:attachment":[{"href":"https:\/\/splegowo.pl\/index.php\/wp-json\/wp\/v2\/media?parent=17335"}],"wp:term":[{"taxonomy":"category","embeddable":true,"href":"https:\/\/splegowo.pl\/index.php\/wp-json\/wp\/v2\/categories?post=17335"},{"taxonomy":"post_tag","embeddable":true,"href":"https:\/\/splegowo.pl\/index.php\/wp-json\/wp\/v2\/tags?post=17335"}],"curies":[{"name":"wp","href":"https:\/\/api.w.org\/{rel}","templated":true}]}}