{"id":17008,"date":"2022-04-07T18:21:55","date_gmt":"2022-04-07T16:21:55","guid":{"rendered":"https:\/\/splegowo.pl\/?p=17008"},"modified":"2022-04-07T18:28:38","modified_gmt":"2022-04-07T16:28:38","slug":"wybory-prezydium-mlodziezowej-rady-gminy-pruszcz-gdanski","status":"publish","type":"post","link":"https:\/\/splegowo.pl\/index.php\/2022\/04\/07\/wybory-prezydium-mlodziezowej-rady-gminy-pruszcz-gdanski\/","title":{"rendered":"Wybory Prezydium M\u0142odzie\u017cowej Rady Gminy Pruszcz Gda\u0144ski"},"content":{"rendered":"\t\t<div data-elementor-type=\"wp-post\" data-elementor-id=\"17008\" class=\"elementor elementor-17008\">\n\t\t\t\t\t\t\t\t\t<section class=\"elementor-section elementor-top-section elementor-element elementor-element-60edda0 elementor-section-boxed elementor-section-height-default elementor-section-height-default\" data-id=\"60edda0\" data-element_type=\"section\">\n\t\t\t\t\t\t<div class=\"elementor-container elementor-column-gap-default\">\n\t\t\t\t\t<div class=\"elementor-column elementor-col-100 elementor-top-column elementor-element elementor-element-2c17b55\" data-id=\"2c17b55\" data-element_type=\"column\">\n\t\t\t<div class=\"elementor-widget-wrap elementor-element-populated\">\n\t\t\t\t\t\t\t\t<div class=\"elementor-element elementor-element-61c3545 elementor-widget elementor-widget-text-editor\" data-id=\"61c3545\" data-element_type=\"widget\" data-widget_type=\"text-editor.default\">\n\t\t\t\t<div class=\"elementor-widget-container\">\n\t\t\t\t\t\t\t<div dir=\"auto\">6 kwietnia 2022 roku by\u0142 wyj\u0105tkowym dniem dla m\u0142odzie\u017cy zamieszkuj\u0105cej teren Gminy Pruszcz Gda\u0144ski.<\/div><div dir=\"auto\">W Szkole Podstawowej w Rotmance odby\u0142a si\u0119 sesja inauguracyjna M\u0142odzie\u017cowej Rady Gminy, podczas kt\u00f3rej m\u0142odzi ludzie wybrali spo\u015br\u00f3d siebie Prezydium Rady.<\/div><div dir=\"auto\">Nasza szko\u0142\u0119 reprezentowali: <strong>Martyna Drewnowska<\/strong> z klasy 7c,<strong> Jan Kr\u00f3l<\/strong> z klasy 7b oraz <strong>Jakub Reszka<\/strong> z klasy 7a.<\/div><div dir=\"auto\">\u00a0<\/div><div dir=\"auto\">O miejsce przewodnicz\u0105cego ubiega\u0142o si\u0119 siedmioro kandydat\u00f3w. Mi\u0142o nam og\u0142osi\u0107, \u017ce t\u0105 zaszczytn\u0105 funkcj\u0119 b\u0119dzie pe\u0142ni\u0142 nasz ucze\u0144, <strong>Jakub Reszka.<\/strong><\/div><div dir=\"auto\">\u00a0<\/div><div dir=\"auto\" style=\"text-align: right;\"><strong>Gratulujemy!<\/strong><\/div><div class=\"yj6qo\">\u00a0<\/div><div class=\"adL\" dir=\"auto\">\u00a0<\/div>\t\t\t\t\t\t<\/div>\n\t\t\t\t<\/div>\n\t\t\t\t\t<\/div>\n\t\t<\/div>\n\t\t\t\t\t\t\t<\/div>\n\t\t<\/section>\n\t\t\t\t<section class=\"elementor-section elementor-top-section elementor-element elementor-element-8da79d5 elementor-section-boxed elementor-section-height-default elementor-section-height-default\" data-id=\"8da79d5\" data-element_type=\"section\">\n\t\t\t\t\t\t<div class=\"elementor-container elementor-column-gap-default\">\n\t\t\t\t\t<div class=\"elementor-column elementor-col-100 elementor-top-column elementor-element elementor-element-a3c53ae\" data-id=\"a3c53ae\" data-element_type=\"column\">\n\t\t\t<div class=\"elementor-widget-wrap elementor-element-populated\">\n\t\t\t\t\t\t\t\t<div class=\"elementor-element elementor-element-bdd2752 elementor-widget elementor-widget-image\" data-id=\"bdd2752\" data-element_type=\"widget\" data-widget_type=\"image.default\">\n\t\t\t\t<div class=\"elementor-widget-container\">\n\t\t\t\t\t\t\t\t\t\t\t\t\t\t\t<img decoding=\"async\" width=\"640\" height=\"470\" src=\"https:\/\/splegowo.pl\/wp-content\/uploads\/2022\/04\/rada_gm.jpg\" class=\"attachment-large size-large wp-image-17010\" alt=\"\" loading=\"lazy\" srcset=\"https:\/\/splegowo.pl\/wp-content\/uploads\/2022\/04\/rada_gm.jpg 640w, https:\/\/splegowo.pl\/wp-content\/uploads\/2022\/04\/rada_gm-300x220.jpg 300w\" sizes=\"(max-width: 640px) 100vw, 640px\" \/>\t\t\t\t\t\t\t\t\t\t\t\t\t\t\t<\/div>\n\t\t\t\t<\/div>\n\t\t\t\t\t<\/div>\n\t\t<\/div>\n\t\t\t\t\t\t\t<\/div>\n\t\t<\/section>\n\t\t\t\t\t\t\t<\/div>\n\t\t","protected":false},"excerpt":{"rendered":"<p>6 kwietnia 2022 roku by\u0142 wyj\u0105tkowym dniem dla m\u0142odzie\u017cy zamieszkuj\u0105cej teren Gminy Pruszcz Gda\u0144ski.W Szkole Podstawowej w Rotmance odby\u0142a si\u0119 &hellip; <\/p>\n","protected":false},"author":1,"featured_media":17016,"comment_status":"closed","ping_status":"open","sticky":false,"template":"","format":"standard","meta":[],"categories":[29,1],"tags":[],"_links":{"self":[{"href":"https:\/\/splegowo.pl\/index.php\/wp-json\/wp\/v2\/posts\/17008"}],"collection":[{"href":"https:\/\/splegowo.pl\/index.php\/wp-json\/wp\/v2\/posts"}],"about":[{"href":"https:\/\/splegowo.pl\/index.php\/wp-json\/wp\/v2\/types\/post"}],"author":[{"embeddable":true,"href":"https:\/\/splegowo.pl\/index.php\/wp-json\/wp\/v2\/users\/1"}],"replies":[{"embeddable":true,"href":"https:\/\/splegowo.pl\/index.php\/wp-json\/wp\/v2\/comments?post=17008"}],"version-history":[{"count":5,"href":"https:\/\/splegowo.pl\/index.php\/wp-json\/wp\/v2\/posts\/17008\/revisions"}],"predecessor-version":[{"id":17015,"href":"https:\/\/splegowo.pl\/index.php\/wp-json\/wp\/v2\/posts\/17008\/revisions\/17015"}],"wp:featuredmedia":[{"embeddable":true,"href":"https:\/\/splegowo.pl\/index.php\/wp-json\/wp\/v2\/media\/17016"}],"wp:attachment":[{"href":"https:\/\/splegowo.pl\/index.php\/wp-json\/wp\/v2\/media?parent=17008"}],"wp:term":[{"taxonomy":"category","embeddable":true,"href":"https:\/\/splegowo.pl\/index.php\/wp-json\/wp\/v2\/categories?post=17008"},{"taxonomy":"post_tag","embeddable":true,"href":"https:\/\/splegowo.pl\/index.php\/wp-json\/wp\/v2\/tags?post=17008"}],"curies":[{"name":"wp","href":"https:\/\/api.w.org\/{rel}","templated":true}]}}