{"id":16885,"date":"2022-03-23T19:21:57","date_gmt":"2022-03-23T18:21:57","guid":{"rendered":"https:\/\/splegowo.pl\/?p=16885"},"modified":"2022-03-23T19:30:17","modified_gmt":"2022-03-23T18:30:17","slug":"wiosenny-turniej-klas-w-warunkach-pandemii","status":"publish","type":"post","link":"https:\/\/splegowo.pl\/index.php\/2022\/03\/23\/wiosenny-turniej-klas-w-warunkach-pandemii\/","title":{"rendered":"Wiosenny Turniej Klas w warunkach pandemii"},"content":{"rendered":"\t\t<div data-elementor-type=\"wp-post\" data-elementor-id=\"16885\" class=\"elementor elementor-16885\">\n\t\t\t\t\t\t\t\t\t<section class=\"elementor-section elementor-top-section elementor-element elementor-element-cbc9f78 elementor-section-boxed elementor-section-height-default elementor-section-height-default\" data-id=\"cbc9f78\" data-element_type=\"section\">\n\t\t\t\t\t\t<div class=\"elementor-container elementor-column-gap-default\">\n\t\t\t\t\t<div class=\"elementor-column elementor-col-100 elementor-top-column elementor-element elementor-element-a28205c\" data-id=\"a28205c\" data-element_type=\"column\">\n\t\t\t<div class=\"elementor-widget-wrap elementor-element-populated\">\n\t\t\t\t\t\t\t\t<div class=\"elementor-element elementor-element-20e5489 elementor-widget elementor-widget-text-editor\" data-id=\"20e5489\" data-element_type=\"widget\" data-widget_type=\"text-editor.default\">\n\t\t\t\t<div class=\"elementor-widget-container\">\n\t\t\t\t\t\t\t<p dir=\"ltr\">Po dwuletniej przerwie spowodowanej pandemi\u0105, wr\u00f3ci\u0142y tak lubiane przez wszystkich, wiosenne zmagania mi\u0119dzy uczniami klas starszych, od czwartych do \u00f3smych. Spo\u0142eczno\u015b\u0107 szkolna w ten spos\u00f3b cieszy si\u0119 z nadchodz\u0105cej wiosny, s\u0142o\u0144ca i ciep\u0142a. Pierwszy dzie\u0144 wiosny w naszej szkole przebieg\u0142 pod has\u0142em \u201eB\u0105d\u017amy kreatywni i bawmy si\u0119\u201d. Dlatego uczniowie pod opiek\u0105 wychowawc\u00f3w z zapa\u0142em przyst\u0105pili do przygotowa\u0144. Mimo, \u017ce w re\u017cimie sanitarnym, bo nadal trwa pandemia, uczestnicy ochoczo zabrali si\u0119 do dzia\u0142ania.<\/p><p dir=\"ltr\">Pocz\u0105tkiem turniejowych konkurencji by\u0142y losowania koloru przez ka\u017cd\u0105 z klas. Od tej chwili wylosowany kolor obligowa\u0107 b\u0119dzie ka\u017cdy oddzia\u0142 do odpowiednich stroj\u00f3w i hase\u0142, pod jakimi wyst\u0105pi\u0105 podczas turnieju. Nied\u0142ugi czas\u00a0 przed pierwszym\u00a0 dniem wiosny uczniowie, ka\u017cda klasa osobno,\u00a0 przygotowali oraz wykonali taniec do wybranej muzyki,\u00a0 nagrali z niego\u00a0 filmiki, kt\u00f3re umieszczono na szkolnym dysku. W pierwszy dzie\u0144 wiosny, czyli 21 marca zosta\u0142y one zaprezentowane wszystkim uczestnikom, kt\u00f3rzy w swoich klasach mogli je obejrze\u0107.<\/p><p dir=\"ltr\">W poniedzia\u0142ek ju\u017c od rana, najpierw klasy starsze VII-VIII, za\u015b troch\u0119 p\u00f3\u017aniej klasy m\u0142odsze IV-VI przyst\u0105pi\u0142y do nowych zada\u0144. By\u0142y nimi takie konkurencje jak:<\/p><ul><li dir=\"ltr\">wykonanie plakatu na temat \u201cPozytywnie zakr\u0119ceni\u201d,<\/li><li dir=\"ltr\">quiz wiedzowy dla uczni\u00f3w,<\/li><li dir=\"ltr\">zmagania sportowe uczni\u00f3w i wychowawc\u00f3w.<\/li><\/ul><p dir=\"ltr\">Jury z uwag\u0105 obejrza\u0142o filmiki z uk\u0142adami tanecznymi poszczeg\u00f3lnych klas, a potem bacznie obserwowa\u0142o pozosta\u0142e konkurencje. Po zako\u0144czeniu turnieju nast\u0105pi\u0142o ocenienie i podsumowanie ca\u0142o\u015bci. Obrady jury okaza\u0142y si\u0119 bardzo burzliwe. Uczestnicy byli \u015bwietnie przygotowani,\u00a0 a zmagania mia\u0142y do\u015b\u0107 wyr\u00f3wnany poziom, na wygranej wa\u017cy\u0142y pojedyncze punkty. Wyniki on-line uroczy\u015bcie og\u0142osi\u0142a <span style=\"text-decoration: underline;\">Pani Dyrektor El\u017cbieta Dzia\u0142oszewska.<\/span><\/p><p dir=\"ltr\"><strong>KLASY IV-VI<\/strong><\/p><ul><li dir=\"ltr\"><strong>I miejsce:<\/strong> klasa IVb<\/li><li dir=\"ltr\"><strong>II miejsce:<\/strong> klasa Va i IVa\u00a0<\/li><li dir=\"ltr\"><strong>III miejsce:<\/strong> Vb i VIb<\/li><\/ul><p dir=\"ltr\"><strong>KLASY VII-VIII<\/strong><\/p><ul><li dir=\"ltr\"><strong>I miejsce:<\/strong> klasa VIIIa<\/li><li dir=\"ltr\"><strong>II miejsce:<\/strong> klasa VIIc<\/li><li dir=\"ltr\"><strong>III miejsce:<\/strong> klasa VIIa<\/li><\/ul><p dir=\"ltr\">Zdobywcy pierwszych miejsc otrzymaj\u0105 fundusze na zakup bilet\u00f3w do kina, na wybrany film. Fundatorem jest Rada Rodzic\u00f3w. Organizatorem turnieju by\u0142 Samorz\u0105d Uczniowski, pod przewodnictwem kole\u017canek: Agnieszki Grzmiel i Marzeny Flejszar.\u00a0<\/p><p dir=\"ltr\" style=\"text-align: center;\"><strong>WIELKIE GRATULACJE DLA ZWYCI\u0118ZC\u00d3W I WSZYSTKICH UCZESTNIK\u00d3W!<\/strong><\/p><div class=\"yj6qo\">\u00a0<\/div>\t\t\t\t\t\t<\/div>\n\t\t\t\t<\/div>\n\t\t\t\t\t<\/div>\n\t\t<\/div>\n\t\t\t\t\t\t\t<\/div>\n\t\t<\/section>\n\t\t\t\t\t\t\t<\/div>\n\t\t","protected":false},"excerpt":{"rendered":"<p>Po dwuletniej przerwie spowodowanej pandemi\u0105, wr\u00f3ci\u0142y tak lubiane przez wszystkich, wiosenne zmagania mi\u0119dzy uczniami klas starszych, od czwartych do \u00f3smych. &hellip; <\/p>\n","protected":false},"author":1,"featured_media":16892,"comment_status":"closed","ping_status":"open","sticky":false,"template":"","format":"standard","meta":[],"categories":[29,1],"tags":[],"_links":{"self":[{"href":"https:\/\/splegowo.pl\/index.php\/wp-json\/wp\/v2\/posts\/16885"}],"collection":[{"href":"https:\/\/splegowo.pl\/index.php\/wp-json\/wp\/v2\/posts"}],"about":[{"href":"https:\/\/splegowo.pl\/index.php\/wp-json\/wp\/v2\/types\/post"}],"author":[{"embeddable":true,"href":"https:\/\/splegowo.pl\/index.php\/wp-json\/wp\/v2\/users\/1"}],"replies":[{"embeddable":true,"href":"https:\/\/splegowo.pl\/index.php\/wp-json\/wp\/v2\/comments?post=16885"}],"version-history":[{"count":5,"href":"https:\/\/splegowo.pl\/index.php\/wp-json\/wp\/v2\/posts\/16885\/revisions"}],"predecessor-version":[{"id":16891,"href":"https:\/\/splegowo.pl\/index.php\/wp-json\/wp\/v2\/posts\/16885\/revisions\/16891"}],"wp:featuredmedia":[{"embeddable":true,"href":"https:\/\/splegowo.pl\/index.php\/wp-json\/wp\/v2\/media\/16892"}],"wp:attachment":[{"href":"https:\/\/splegowo.pl\/index.php\/wp-json\/wp\/v2\/media?parent=16885"}],"wp:term":[{"taxonomy":"category","embeddable":true,"href":"https:\/\/splegowo.pl\/index.php\/wp-json\/wp\/v2\/categories?post=16885"},{"taxonomy":"post_tag","embeddable":true,"href":"https:\/\/splegowo.pl\/index.php\/wp-json\/wp\/v2\/tags?post=16885"}],"curies":[{"name":"wp","href":"https:\/\/api.w.org\/{rel}","templated":true}]}}