{"id":16483,"date":"2021-12-22T13:10:00","date_gmt":"2021-12-22T12:10:00","guid":{"rendered":"http:\/\/splegowo.pl\/?p=16483"},"modified":"2021-12-30T14:44:57","modified_gmt":"2021-12-30T13:44:57","slug":"uroczysta-wigilia-czlonkow-kola-przyjaciol-ksi","status":"publish","type":"post","link":"https:\/\/splegowo.pl\/index.php\/2021\/12\/22\/uroczysta-wigilia-czlonkow-kola-przyjaciol-ksi\/","title":{"rendered":"Uroczysta wigilia cz\u0142onk\u00f3w Ko\u0142a Przyjaci\u00f3\u0142 Ksi\u0105\u017cki"},"content":{"rendered":"\t\t<div data-elementor-type=\"wp-post\" data-elementor-id=\"16483\" class=\"elementor elementor-16483\">\n\t\t\t\t\t\t\t\t\t<section class=\"elementor-section elementor-top-section elementor-element elementor-element-cd1f09c elementor-section-boxed elementor-section-height-default elementor-section-height-default\" data-id=\"cd1f09c\" data-element_type=\"section\">\n\t\t\t\t\t\t<div class=\"elementor-container elementor-column-gap-default\">\n\t\t\t\t\t<div class=\"elementor-column elementor-col-100 elementor-top-column elementor-element elementor-element-7f5efda\" data-id=\"7f5efda\" data-element_type=\"column\">\n\t\t\t<div class=\"elementor-widget-wrap elementor-element-populated\">\n\t\t\t\t\t\t\t\t<div class=\"elementor-element elementor-element-e8c394b elementor-widget elementor-widget-text-editor\" data-id=\"e8c394b\" data-element_type=\"widget\" data-widget_type=\"text-editor.default\">\n\t\t\t\t<div class=\"elementor-widget-container\">\n\t\t\t\t\t\t\t<p dir=\"ltr\"><em>\u201eCicha noc, \u015bwi\u0119ta noc.<\/em><\/p><p dir=\"ltr\"><em>Pok\u00f3j niesie ludziom wszem.\u201d<\/em><\/p><p dir=\"ltr\">Aby uczci\u0107 \u015bwi\u0119ta Narodzenia Bo\u017cej Dzieciny, biblioteka szkolna wraz z cz\u0142onkami Ko\u0142a Przyjaci\u00f3\u0142 Ksi\u0105\u017cki zorganizowa\u0142a uroczysto\u015b\u0107 wigilijn\u0105. Odby\u0142a si\u0119 ona po lekcjach, z zachowaniem re\u017cimu sanitarnego, 15 grudnia 2021 roku w pomieszczeniu biblioteki.\u00a0 Uroczysto\u015b\u0107 rozpocz\u0119\u0142a jedna z uczennic odczytuj\u0105c fragment Pisma \u015awi\u0119tego z Ewangelii \u015awi\u0119tego \u0141ukasza \u201eNarodzenie Jezusa\u201d. Nast\u0119pnie nauczyciel bibliotekarz rozda\u0142 uczestnikom op\u0142atek. Ze wzgl\u0119du na pandemi\u0119 nie by\u0142o dzielenia si\u0119 op\u0142atkiem, ale by\u0142y szczere \u017cyczenia zdrowia, szcz\u0119\u015bcia, rado\u015bci oraz spokoju i pokoju na \u015bwiecie.<\/p><p dir=\"ltr\">W spotkaniu wigilijnym bra\u0142y udzia\u0142 dwie uczennice z Ukrainy, kt\u00f3re opowiedzia\u0142y jak u nich obchodzi si\u0119 \u015bwi\u0119ta. Potem, ka\u017cda z uczestniczek wspomina\u0142a, w jaki spos\u00f3b obchodzi si\u0119\u00a0 czas \u015bwi\u0105teczny w polskich domach i jakie zwyczaje kultywuj\u0105 ich rodziny. Opowie\u015bciom nie by\u0142o ko\u0144ca. Ka\u017cda z uczennic ch\u0119tnie dzieli\u0142a si\u0119 prze\u017cyciami \u015bwi\u0105tecznymi z ubieg\u0142ych lat. Na zako\u0144czenie wszyscy od\u015bpiewali kol\u0119d\u0119 \u201ePrzybie\u017celi do Betlejem pasterze\u201d.<\/p><div class=\"yj6qo\">\u00a0<\/div><div class=\"adL\">\u00a0<\/div>\t\t\t\t\t\t<\/div>\n\t\t\t\t<\/div>\n\t\t\t\t\t<\/div>\n\t\t<\/div>\n\t\t\t\t\t\t\t<\/div>\n\t\t<\/section>\n\t\t\t\t<section class=\"elementor-section elementor-top-section elementor-element elementor-element-70543de elementor-section-boxed elementor-section-height-default elementor-section-height-default\" data-id=\"70543de\" data-element_type=\"section\">\n\t\t\t\t\t\t<div class=\"elementor-container elementor-column-gap-default\">\n\t\t\t\t\t<div class=\"elementor-column elementor-col-100 elementor-top-column elementor-element elementor-element-8ba0e12\" data-id=\"8ba0e12\" data-element_type=\"column\">\n\t\t\t<div class=\"elementor-widget-wrap elementor-element-populated\">\n\t\t\t\t\t\t\t\t<div class=\"elementor-element elementor-element-ffc8040 elementor-widget elementor-widget-image\" data-id=\"ffc8040\" data-element_type=\"widget\" data-widget_type=\"image.default\">\n\t\t\t\t<div class=\"elementor-widget-container\">\n\t\t\t\t\t\t\t\t\t\t\t\t\t\t\t<img decoding=\"async\" width=\"640\" height=\"480\" src=\"https:\/\/splegowo.pl\/wp-content\/uploads\/2021\/12\/IMG_20211217_120529610.jpg\" class=\"attachment-large size-large wp-image-16492\" alt=\"\" loading=\"lazy\" srcset=\"https:\/\/splegowo.pl\/wp-content\/uploads\/2021\/12\/IMG_20211217_120529610.jpg 640w, https:\/\/splegowo.pl\/wp-content\/uploads\/2021\/12\/IMG_20211217_120529610-300x225.jpg 300w\" sizes=\"(max-width: 640px) 100vw, 640px\" \/>\t\t\t\t\t\t\t\t\t\t\t\t\t\t\t<\/div>\n\t\t\t\t<\/div>\n\t\t\t\t\t<\/div>\n\t\t<\/div>\n\t\t\t\t\t\t\t<\/div>\n\t\t<\/section>\n\t\t\t\t\t\t\t<\/div>\n\t\t","protected":false},"excerpt":{"rendered":"<p>\u201eCicha noc, \u015bwi\u0119ta noc. Pok\u00f3j niesie ludziom wszem.\u201d Aby uczci\u0107 \u015bwi\u0119ta Narodzenia Bo\u017cej Dzieciny, biblioteka szkolna wraz z cz\u0142onkami Ko\u0142a &hellip; <\/p>\n","protected":false},"author":1,"featured_media":0,"comment_status":"closed","ping_status":"open","sticky":false,"template":"","format":"standard","meta":[],"categories":[29,1],"tags":[],"_links":{"self":[{"href":"https:\/\/splegowo.pl\/index.php\/wp-json\/wp\/v2\/posts\/16483"}],"collection":[{"href":"https:\/\/splegowo.pl\/index.php\/wp-json\/wp\/v2\/posts"}],"about":[{"href":"https:\/\/splegowo.pl\/index.php\/wp-json\/wp\/v2\/types\/post"}],"author":[{"embeddable":true,"href":"https:\/\/splegowo.pl\/index.php\/wp-json\/wp\/v2\/users\/1"}],"replies":[{"embeddable":true,"href":"https:\/\/splegowo.pl\/index.php\/wp-json\/wp\/v2\/comments?post=16483"}],"version-history":[{"count":11,"href":"https:\/\/splegowo.pl\/index.php\/wp-json\/wp\/v2\/posts\/16483\/revisions"}],"predecessor-version":[{"id":16508,"href":"https:\/\/splegowo.pl\/index.php\/wp-json\/wp\/v2\/posts\/16483\/revisions\/16508"}],"wp:attachment":[{"href":"https:\/\/splegowo.pl\/index.php\/wp-json\/wp\/v2\/media?parent=16483"}],"wp:term":[{"taxonomy":"category","embeddable":true,"href":"https:\/\/splegowo.pl\/index.php\/wp-json\/wp\/v2\/categories?post=16483"},{"taxonomy":"post_tag","embeddable":true,"href":"https:\/\/splegowo.pl\/index.php\/wp-json\/wp\/v2\/tags?post=16483"}],"curies":[{"name":"wp","href":"https:\/\/api.w.org\/{rel}","templated":true}]}}