{"id":16455,"date":"2021-12-22T13:01:00","date_gmt":"2021-12-22T12:01:00","guid":{"rendered":"http:\/\/splegowo.pl\/?p=16455"},"modified":"2021-12-24T23:37:20","modified_gmt":"2021-12-24T22:37:20","slug":"opieka-stomatologiczna-rok-2022","status":"publish","type":"post","link":"https:\/\/splegowo.pl\/index.php\/2021\/12\/22\/opieka-stomatologiczna-rok-2022\/","title":{"rendered":"Opieka stomatologiczna rok 2022"},"content":{"rendered":"\t\t<div data-elementor-type=\"wp-post\" data-elementor-id=\"16455\" class=\"elementor elementor-16455\">\n\t\t\t\t\t\t\t\t\t<section class=\"elementor-section elementor-top-section elementor-element elementor-element-1530955 elementor-section-boxed elementor-section-height-default elementor-section-height-default\" data-id=\"1530955\" data-element_type=\"section\">\n\t\t\t\t\t\t<div class=\"elementor-container elementor-column-gap-default\">\n\t\t\t\t\t<div class=\"elementor-column elementor-col-100 elementor-top-column elementor-element elementor-element-7ad5950\" data-id=\"7ad5950\" data-element_type=\"column\">\n\t\t\t<div class=\"elementor-widget-wrap elementor-element-populated\">\n\t\t\t\t\t\t\t\t<div class=\"elementor-element elementor-element-ec06130 elementor-widget elementor-widget-text-editor\" data-id=\"ec06130\" data-element_type=\"widget\" data-widget_type=\"text-editor.default\">\n\t\t\t\t<div class=\"elementor-widget-container\">\n\t\t\t\t\t\t\t<p style=\"margin: 0cm 0cm 0.0001pt; text-indent: 35pt; background-image: initial; background-position: initial; background-size: initial; background-repeat: initial; background-attachment: initial; background-origin: initial; background-clip: initial;\"><span style=\"font-size: 13.5pt; font-family: Arial, sans-serif; color: #000000;\">Na mocy porozumienia podpisanego przez Organ Prowadz\u0105cy, opiek\u0119\u00a0stomatologiczn\u0105 nad uczniami naszej szko\u0142y od 1 stycznia do 31 grudnia 2022 r. sprawuje\u00a0 Miros\u0142awa Aleksandra\u00a0Skorek gabinet dentystyczny w Pruszczu Gda\u0144skim ul. Wal\u0105ga 3\/1A w dniach od<br \/>poniedzia\u0142ku do soboty.<\/span><\/p><p style=\"margin: 0cm 0cm 0.0001pt; text-indent: 35pt; background-image: initial; background-position: initial; background-size: initial; background-repeat: initial; background-attachment: initial; background-origin: initial; background-clip: initial;\"><span style=\"font-size: 13.5pt; font-family: Arial, sans-serif; color: #000000;\">W\u00a0poniedzia\u0142ki i czwartki w godzinach popo\u0142udniowych 14.00-18.00 w pozosta\u0142e dni\u00a0od 8.00-14.00, w soboty od 9.00-12.00.<\/span><\/p><p style=\"margin: 0cm 0cm 0.0001pt; text-indent: 35pt; background-image: initial; background-position: initial; background-size: initial; background-repeat: initial; background-attachment: initial; background-origin: initial; background-clip: initial;\"><span style=\"font-size: 13.5pt; font-family: Arial, sans-serif; color: #000000;\">Przyj\u0119cie\u00a0ucznia przez lekarza dentyst\u0119 wymaga wcze\u015bniejszej rejestracji.<\/span><\/p><p style=\"margin: 0cm 0cm 0.0001pt; text-indent: 35pt; background-image: initial; background-position: initial; background-size: initial; background-repeat: initial; background-attachment: initial; background-origin: initial; background-clip: initial;\"><span style=\"font-size: 13.5pt; font-family: Arial, sans-serif; color: #000000;\">Potwierdzeniem\u00a0posiadania statusu ucznia danej szko\u0142y jest wa\u017cna legitymacja szkolna lub za\u015bwiadczenie\u00a0wydane przez szko\u0142\u0119 potwierdzaj\u0105ce status bycia uczniem danej szko\u0142y<\/span><\/p><p style=\"margin: 0cm 0cm 0.0001pt; text-indent: 35pt; background-image: initial; background-position: initial; background-size: initial; background-repeat: initial; background-attachment: initial; background-origin: initial; background-clip: initial;\"><span style=\"font-size: 13.5pt; font-family: Arial, sans-serif; color: #000000;\">Lekarz\u00a0dentysta w ramach opieki wykonuje:<br \/>1. \u015awiadczenie og\u00f3lnostomatologiczne dla dzieci i m\u0142odzie\u017cy do uko\u0144czenia 18\u00a0roku \u017cycia<br \/>2. Profilaktyczne \u015bwiadczenie dla dzieci i m\u0142odzie\u017cy do uko\u0144czenia 18 roku\u00a0\u017cycia \u2013 okre\u015blone w rozporz\u0105dzeniu Ministra Zdrowia z dnia 6 listopada 2013 r.<\/span><\/p><p class=\"MsoNormal\">\u00a0<\/p>\t\t\t\t\t\t<\/div>\n\t\t\t\t<\/div>\n\t\t\t\t\t<\/div>\n\t\t<\/div>\n\t\t\t\t\t\t\t<\/div>\n\t\t<\/section>\n\t\t\t\t\t\t\t<\/div>\n\t\t","protected":false},"excerpt":{"rendered":"<p>Na mocy porozumienia podpisanego przez Organ Prowadz\u0105cy, opiek\u0119&nbsp;stomatologiczn\u0105 nad uczniami naszej szko\u0142y od 1 stycznia do 31 grudnia 2022 r. &hellip; <\/p>\n","protected":false},"author":1,"featured_media":0,"comment_status":"closed","ping_status":"open","sticky":false,"template":"","format":"standard","meta":[],"categories":[29,42],"tags":[],"_links":{"self":[{"href":"https:\/\/splegowo.pl\/index.php\/wp-json\/wp\/v2\/posts\/16455"}],"collection":[{"href":"https:\/\/splegowo.pl\/index.php\/wp-json\/wp\/v2\/posts"}],"about":[{"href":"https:\/\/splegowo.pl\/index.php\/wp-json\/wp\/v2\/types\/post"}],"author":[{"embeddable":true,"href":"https:\/\/splegowo.pl\/index.php\/wp-json\/wp\/v2\/users\/1"}],"replies":[{"embeddable":true,"href":"https:\/\/splegowo.pl\/index.php\/wp-json\/wp\/v2\/comments?post=16455"}],"version-history":[{"count":5,"href":"https:\/\/splegowo.pl\/index.php\/wp-json\/wp\/v2\/posts\/16455\/revisions"}],"predecessor-version":[{"id":16476,"href":"https:\/\/splegowo.pl\/index.php\/wp-json\/wp\/v2\/posts\/16455\/revisions\/16476"}],"wp:attachment":[{"href":"https:\/\/splegowo.pl\/index.php\/wp-json\/wp\/v2\/media?parent=16455"}],"wp:term":[{"taxonomy":"category","embeddable":true,"href":"https:\/\/splegowo.pl\/index.php\/wp-json\/wp\/v2\/categories?post=16455"},{"taxonomy":"post_tag","embeddable":true,"href":"https:\/\/splegowo.pl\/index.php\/wp-json\/wp\/v2\/tags?post=16455"}],"curies":[{"name":"wp","href":"https:\/\/api.w.org\/{rel}","templated":true}]}}