{"id":16433,"date":"2021-11-25T18:30:00","date_gmt":"2021-11-25T17:30:00","guid":{"rendered":"http:\/\/splegowo.pl\/?p=16433"},"modified":"2021-12-09T18:37:50","modified_gmt":"2021-12-09T17:37:50","slug":"dzien-pluszowego-misia","status":"publish","type":"post","link":"https:\/\/splegowo.pl\/index.php\/2021\/11\/25\/dzien-pluszowego-misia\/","title":{"rendered":"Dzie\u0144 Pluszowego Misia"},"content":{"rendered":"\t\t<div data-elementor-type=\"wp-post\" data-elementor-id=\"16433\" class=\"elementor elementor-16433\">\n\t\t\t\t\t\t\t\t\t<section class=\"elementor-section elementor-top-section elementor-element elementor-element-ff73290 elementor-section-boxed elementor-section-height-default elementor-section-height-default\" data-id=\"ff73290\" data-element_type=\"section\">\n\t\t\t\t\t\t<div class=\"elementor-container elementor-column-gap-default\">\n\t\t\t\t\t<div class=\"elementor-column elementor-col-100 elementor-top-column elementor-element elementor-element-6f0c90c\" data-id=\"6f0c90c\" data-element_type=\"column\">\n\t\t\t<div class=\"elementor-widget-wrap elementor-element-populated\">\n\t\t\t\t\t\t\t\t<div class=\"elementor-element elementor-element-ae9a2c7 elementor-widget elementor-widget-text-editor\" data-id=\"ae9a2c7\" data-element_type=\"widget\" data-widget_type=\"text-editor.default\">\n\t\t\t\t<div class=\"elementor-widget-container\">\n\t\t\t\t\t\t\t<p><span style=\"font-weight: 400;\">Dzie\u0144 Pluszowego Misia obchodzimy nie przypadkowo 25 listopada.\u00a0 Tego dnia przypada rocznica powstania tej maskotki. Samo \u015bwi\u0119to nie ma jednak d\u0142ugiej tradycji, obchodzimy je dopiero od 2002 roku, kiedy to pluszowy mi\u015b obchodzi\u0142 swoje setne urodziny . Pluszowy mi\u015b jest symbolem dobra, mi\u0142o\u015bci, ciep\u0142a, \u0142agodno\u015bci i opieku\u0144czo\u015bci, czyli tego, czego jako ludzie bardzo pragniemy. Nic dziwnego, \u017ce pluszowe misie z dzieci\u0144stwa cz\u0119sto towarzysz\u0105 nam r\u00f3wnie\u017c w doros\u0142o\u015bci i s\u0105 ch\u0119tnie wybierane jako maskotki u\u015bwietniaj\u0105ce r\u00f3\u017cne miejsca czy wydarzenia.<\/span><\/p><p><span style=\"font-weight: 400;\">Ma\u0142o kto wie, \u017ce pluszowy mi\u015b to zabawka z niezwyk\u0142\u0105 histori\u0105. <\/span><span style=\"font-weight: 400;\"><br \/><\/span><span style=\"font-weight: 400;\">Istniej\u0105 dwie wersje historii pluszowego misia.<\/span><\/p><p><span style=\"font-weight: 400;\">Pierwsza si\u0119ga a\u017c do 1880 roku, kiedy to Margarete Steiff, Niemka sparali\u017cowana wskutek choroby Heinego-Medina, szy\u0142a pluszaki w kszta\u0142cie r\u00f3\u017cnych zwierz\u0105tek. Jej siostrzeniec Richard Steiff ulepszy\u0142 ich konstrukcj\u0119 i rozpocz\u0105\u0142 produkcj\u0119 takich zabawek w wirtemberskiej miejscowo\u015bci Giengen an der Brenz. Pluszowe zwierz\u0105tka wystawiono na targach w Lipsku w 1903 roku. <\/span><span style=\"font-weight: 400;\"><br \/><\/span><span style=\"font-weight: 400;\">Wersja ameryka\u0144ska m\u00f3wi,\u00a0\u017ce <\/span><span style=\"font-weight: 400;\">wszystko zacz\u0119\u0142o si\u0119 od prezydenta Stan\u00f3w Zjednoczonych \u2013 Teodora Roosvelta, kt\u00f3ry w 1902 roku wybra\u0142 si\u0119 z przyjaci\u00f3\u0142mi\u00a0 na polowanie. Podczas wyprawy postrzelono ma\u0142ego nied\u017awiadka. Prezydent nakaza\u0142 jego uwolnienie, a ca\u0142\u0105 histori\u0119 zilustrowano komiksem w waszyngto\u0144skiej prasie. Jednym z czytelnik\u00f3w gazety by\u0142 pewien producent zabawek, kt\u00f3ry zainspirowa\u0142 si\u0119 tym wydarzeniem i stworzy\u0142 now\u0105 zabawk\u0119 dla dzieci, w\u0142a\u015bnie w formie\u00a0pluszowego misia. Nazwa\u0142 go Teddy Bear, co by\u0142o oczywistym nawi\u0105zaniem do imienia prezydenta USA.<\/span><\/p><p><span style=\"font-weight: 400;\">Tego dnia uczniowie przybyli do szko\u0142y ze swoimi ma\u0142ymi, \u015brednimi lub du\u017cymi pluszowymi przyjaci\u00f3\u0142mi. Opr\u00f3cz misi\u00f3w pojawi\u0142y si\u0119 te\u017c inne pluszaki. Ka\u017cdy by\u0142 pi\u0119kny i wyj\u0105tkowy. Dlaczego?\u00a0 \u00a0 \u00a0 \u00a0 \u00a0 \u00a0 \u00a0 \u00a0 \u00a0 \u00a0 \u00a0 \u00a0 \u00a0 \u00a0 \u00a0 \u00a0 \u00a0 \u00a0 \u00a0 \u00a0 \u00a0 \u00a0 \u00a0 \u00a0 \u00a0 \u00a0 \u00a0 \u00a0 \u00a0 \u00a0 \u00a0 \u00a0 \u00a0 \u00a0 \u00a0 \u00a0 \u00a0 \u00a0 \u00a0 \u00a0 \u00a0 \u00a0 \u00a0 \u00a0 \u00a0 \u00a0 \u00a0 \u00a0 \u00a0 \u00a0 \u00a0 \u00a0 \u00a0 \u00a0 \u00a0 \u00a0 \u00a0 \u00a0 \u00a0<\/span><\/p><p><span style=\"font-weight: 400;\">Bo ukochany mi\u015b poprawia humor, jest wiernym przyjacielem, towarzyszem podr\u00f3\u017cy, powiernikiem najwi\u0119kszych sekret\u00f3w. <\/span><\/p>\t\t\t\t\t\t<\/div>\n\t\t\t\t<\/div>\n\t\t\t\t\t<\/div>\n\t\t<\/div>\n\t\t\t\t\t\t\t<\/div>\n\t\t<\/section>\n\t\t\t\t\t\t\t<\/div>\n\t\t","protected":false},"excerpt":{"rendered":"<p>Dzie\u0144 Pluszowego Misia obchodzimy nie przypadkowo 25 listopada.&nbsp; Tego dnia przypada rocznica powstania tej maskotki. Samo \u015bwi\u0119to nie ma jednak &hellip; <\/p>\n","protected":false},"author":1,"featured_media":16438,"comment_status":"closed","ping_status":"open","sticky":false,"template":"","format":"standard","meta":[],"categories":[43],"tags":[],"_links":{"self":[{"href":"https:\/\/splegowo.pl\/index.php\/wp-json\/wp\/v2\/posts\/16433"}],"collection":[{"href":"https:\/\/splegowo.pl\/index.php\/wp-json\/wp\/v2\/posts"}],"about":[{"href":"https:\/\/splegowo.pl\/index.php\/wp-json\/wp\/v2\/types\/post"}],"author":[{"embeddable":true,"href":"https:\/\/splegowo.pl\/index.php\/wp-json\/wp\/v2\/users\/1"}],"replies":[{"embeddable":true,"href":"https:\/\/splegowo.pl\/index.php\/wp-json\/wp\/v2\/comments?post=16433"}],"version-history":[{"count":5,"href":"https:\/\/splegowo.pl\/index.php\/wp-json\/wp\/v2\/posts\/16433\/revisions"}],"predecessor-version":[{"id":16439,"href":"https:\/\/splegowo.pl\/index.php\/wp-json\/wp\/v2\/posts\/16433\/revisions\/16439"}],"wp:featuredmedia":[{"embeddable":true,"href":"https:\/\/splegowo.pl\/index.php\/wp-json\/wp\/v2\/media\/16438"}],"wp:attachment":[{"href":"https:\/\/splegowo.pl\/index.php\/wp-json\/wp\/v2\/media?parent=16433"}],"wp:term":[{"taxonomy":"category","embeddable":true,"href":"https:\/\/splegowo.pl\/index.php\/wp-json\/wp\/v2\/categories?post=16433"},{"taxonomy":"post_tag","embeddable":true,"href":"https:\/\/splegowo.pl\/index.php\/wp-json\/wp\/v2\/tags?post=16433"}],"curies":[{"name":"wp","href":"https:\/\/api.w.org\/{rel}","templated":true}]}}