{"id":16426,"date":"2021-11-19T18:25:00","date_gmt":"2021-11-19T17:25:00","guid":{"rendered":"http:\/\/splegowo.pl\/?p=16426"},"modified":"2021-12-09T18:29:25","modified_gmt":"2021-12-09T17:29:25","slug":"dzien-tolerancji-i-zyczliwosci","status":"publish","type":"post","link":"https:\/\/splegowo.pl\/index.php\/2021\/11\/19\/dzien-tolerancji-i-zyczliwosci\/","title":{"rendered":"Dzie\u0144 Tolerancji i \u017byczliwo\u015bci"},"content":{"rendered":"\t\t<div data-elementor-type=\"wp-post\" data-elementor-id=\"16426\" class=\"elementor elementor-16426\">\n\t\t\t\t\t\t\t\t\t<section class=\"elementor-section elementor-top-section elementor-element elementor-element-3c5962e elementor-section-boxed elementor-section-height-default elementor-section-height-default\" data-id=\"3c5962e\" data-element_type=\"section\">\n\t\t\t\t\t\t<div class=\"elementor-container elementor-column-gap-default\">\n\t\t\t\t\t<div class=\"elementor-column elementor-col-100 elementor-top-column elementor-element elementor-element-514562b\" data-id=\"514562b\" data-element_type=\"column\">\n\t\t\t<div class=\"elementor-widget-wrap elementor-element-populated\">\n\t\t\t\t\t\t\t\t<div class=\"elementor-element elementor-element-7fce8c2 elementor-widget elementor-widget-text-editor\" data-id=\"7fce8c2\" data-element_type=\"widget\" data-widget_type=\"text-editor.default\">\n\t\t\t\t<div class=\"elementor-widget-container\">\n\t\t\t\t\t\t\t<p><span style=\"font-weight: 400;\">19 listopada w naszej szkole obchodzony by\u0142 Dzie\u0144 Tolerancji i \u017byczliwo\u015bci.\u00a0<\/span><span style=\"font-weight: 400;\">W tym dniu uczniowie ubrali si\u0119\u00a0 na kolor niebieski.<\/span> <span style=\"font-weight: 400;\">Na korytarzach pojawi\u0142y si\u0119 plakaty i kolorowe \u0142a\u0144cuchy, wykonane przez ka\u017cd\u0105 klas\u0119. Ka\u017cde oczko \u0142a\u0144cucha symbolizowa\u0142o jednego ucznia naszej szko\u0142y.<\/span> <span style=\"font-weight: 400;\">By\u0142y to \u0142a\u0144cuchy akceptacji siebie i innych. <\/span><\/p>\t\t\t\t\t\t<\/div>\n\t\t\t\t<\/div>\n\t\t\t\t\t<\/div>\n\t\t<\/div>\n\t\t\t\t\t\t\t<\/div>\n\t\t<\/section>\n\t\t\t\t\t\t\t<\/div>\n\t\t","protected":false},"excerpt":{"rendered":"<p>19 listopada w naszej szkole obchodzony by\u0142 Dzie\u0144 Tolerancji i \u017byczliwo\u015bci.&nbsp;W tym dniu uczniowie ubrali si\u0119&nbsp; na kolor niebieski. Na &hellip; <\/p>\n","protected":false},"author":1,"featured_media":16431,"comment_status":"closed","ping_status":"open","sticky":false,"template":"","format":"standard","meta":[],"categories":[43],"tags":[],"_links":{"self":[{"href":"https:\/\/splegowo.pl\/index.php\/wp-json\/wp\/v2\/posts\/16426"}],"collection":[{"href":"https:\/\/splegowo.pl\/index.php\/wp-json\/wp\/v2\/posts"}],"about":[{"href":"https:\/\/splegowo.pl\/index.php\/wp-json\/wp\/v2\/types\/post"}],"author":[{"embeddable":true,"href":"https:\/\/splegowo.pl\/index.php\/wp-json\/wp\/v2\/users\/1"}],"replies":[{"embeddable":true,"href":"https:\/\/splegowo.pl\/index.php\/wp-json\/wp\/v2\/comments?post=16426"}],"version-history":[{"count":5,"href":"https:\/\/splegowo.pl\/index.php\/wp-json\/wp\/v2\/posts\/16426\/revisions"}],"predecessor-version":[{"id":16432,"href":"https:\/\/splegowo.pl\/index.php\/wp-json\/wp\/v2\/posts\/16426\/revisions\/16432"}],"wp:featuredmedia":[{"embeddable":true,"href":"https:\/\/splegowo.pl\/index.php\/wp-json\/wp\/v2\/media\/16431"}],"wp:attachment":[{"href":"https:\/\/splegowo.pl\/index.php\/wp-json\/wp\/v2\/media?parent=16426"}],"wp:term":[{"taxonomy":"category","embeddable":true,"href":"https:\/\/splegowo.pl\/index.php\/wp-json\/wp\/v2\/categories?post=16426"},{"taxonomy":"post_tag","embeddable":true,"href":"https:\/\/splegowo.pl\/index.php\/wp-json\/wp\/v2\/tags?post=16426"}],"curies":[{"name":"wp","href":"https:\/\/api.w.org\/{rel}","templated":true}]}}