{"id":16419,"date":"2021-10-29T18:21:00","date_gmt":"2021-10-29T16:21:00","guid":{"rendered":"http:\/\/splegowo.pl\/?p=16419"},"modified":"2021-12-09T18:30:13","modified_gmt":"2021-12-09T17:30:13","slug":"dzien-dyni","status":"publish","type":"post","link":"https:\/\/splegowo.pl\/index.php\/2021\/10\/29\/dzien-dyni\/","title":{"rendered":"Dzie\u0144 Dyni"},"content":{"rendered":"\t\t<div data-elementor-type=\"wp-post\" data-elementor-id=\"16419\" class=\"elementor elementor-16419\">\n\t\t\t\t\t\t\t\t\t<section class=\"elementor-section elementor-top-section elementor-element elementor-element-05c76b0 elementor-section-boxed elementor-section-height-default elementor-section-height-default\" data-id=\"05c76b0\" data-element_type=\"section\">\n\t\t\t\t\t\t<div class=\"elementor-container elementor-column-gap-default\">\n\t\t\t\t\t<div class=\"elementor-column elementor-col-100 elementor-top-column elementor-element elementor-element-9d6d193\" data-id=\"9d6d193\" data-element_type=\"column\">\n\t\t\t<div class=\"elementor-widget-wrap elementor-element-populated\">\n\t\t\t\t\t\t\t\t<div class=\"elementor-element elementor-element-e4e390f elementor-widget elementor-widget-text-editor\" data-id=\"e4e390f\" data-element_type=\"widget\" data-widget_type=\"text-editor.default\">\n\t\t\t\t<div class=\"elementor-widget-container\">\n\t\t\t\t\t\t\t<p><span style=\"font-weight: 400;\">29 pa\u017adziernika obchodzili\u015bmy w naszej szkole Dzie\u0144 Dyni. <\/span><span style=\"font-weight: 400;\">Uczniowie przyszli do szko\u0142y ubrani na kolor pomara\u0144czowy, a na gazetkach pojawi\u0142y si\u0119 ilustracje dyni. Odby\u0142 si\u0119 r\u00f3wnie\u017c Kiermasz Ciast. Cz\u0142onkowie samorz\u0105du sprzedawali na przerwach dyniowe ciasta, przyniesione przez uczni\u00f3w naszej szko\u0142y. Najwi\u0119kszym zainteresowaniem cieszy\u0142y si\u0119 dyniowe muffinki oraz przepyszny sernik dyniowy. Wypieki znika\u0142y w szybkim tempie, na twarzach uczni\u00f3w zago\u015bci\u0142 u\u015bmiech i zadowolenie. Pojawi\u0142y si\u0119 pytania czy nie mog\u0105 by\u0107 takie kiermasze codziennie. Ten dzie\u0144 przyni\u00f3s\u0142 wiele niezapomnianych wra\u017ce\u0144 i rado\u015bci.<\/span><\/p>\t\t\t\t\t\t<\/div>\n\t\t\t\t<\/div>\n\t\t\t\t\t<\/div>\n\t\t<\/div>\n\t\t\t\t\t\t\t<\/div>\n\t\t<\/section>\n\t\t\t\t\t\t\t<\/div>\n\t\t","protected":false},"excerpt":{"rendered":"<p>29 pa\u017adziernika obchodzili\u015bmy w naszej szkole Dzie\u0144 Dyni. Uczniowie przyszli do szko\u0142y ubrani na kolor pomara\u0144czowy, a na gazetkach pojawi\u0142y &hellip; <\/p>\n","protected":false},"author":1,"featured_media":0,"comment_status":"closed","ping_status":"open","sticky":false,"template":"","format":"standard","meta":[],"categories":[43],"tags":[],"_links":{"self":[{"href":"https:\/\/splegowo.pl\/index.php\/wp-json\/wp\/v2\/posts\/16419"}],"collection":[{"href":"https:\/\/splegowo.pl\/index.php\/wp-json\/wp\/v2\/posts"}],"about":[{"href":"https:\/\/splegowo.pl\/index.php\/wp-json\/wp\/v2\/types\/post"}],"author":[{"embeddable":true,"href":"https:\/\/splegowo.pl\/index.php\/wp-json\/wp\/v2\/users\/1"}],"replies":[{"embeddable":true,"href":"https:\/\/splegowo.pl\/index.php\/wp-json\/wp\/v2\/comments?post=16419"}],"version-history":[{"count":6,"href":"https:\/\/splegowo.pl\/index.php\/wp-json\/wp\/v2\/posts\/16419\/revisions"}],"predecessor-version":[{"id":16425,"href":"https:\/\/splegowo.pl\/index.php\/wp-json\/wp\/v2\/posts\/16419\/revisions\/16425"}],"wp:attachment":[{"href":"https:\/\/splegowo.pl\/index.php\/wp-json\/wp\/v2\/media?parent=16419"}],"wp:term":[{"taxonomy":"category","embeddable":true,"href":"https:\/\/splegowo.pl\/index.php\/wp-json\/wp\/v2\/categories?post=16419"},{"taxonomy":"post_tag","embeddable":true,"href":"https:\/\/splegowo.pl\/index.php\/wp-json\/wp\/v2\/tags?post=16419"}],"curies":[{"name":"wp","href":"https:\/\/api.w.org\/{rel}","templated":true}]}}