{"id":16373,"date":"2021-12-09T09:25:00","date_gmt":"2021-12-09T08:25:00","guid":{"rendered":"http:\/\/splegowo.pl\/?p=16373"},"modified":"2021-12-24T23:36:31","modified_gmt":"2021-12-24T22:36:31","slug":"informacja-obiady-grudzien","status":"publish","type":"post","link":"https:\/\/splegowo.pl\/index.php\/2021\/12\/09\/informacja-obiady-grudzien\/","title":{"rendered":"Informacja &#8211; obiady &#8211; grudzie\u0144"},"content":{"rendered":"\t\t<div data-elementor-type=\"wp-post\" data-elementor-id=\"16373\" class=\"elementor elementor-16373\">\n\t\t\t\t\t\t\t\t\t<section class=\"elementor-section elementor-top-section elementor-element elementor-element-5e11c6c elementor-section-boxed elementor-section-height-default elementor-section-height-default\" data-id=\"5e11c6c\" data-element_type=\"section\">\n\t\t\t\t\t\t<div class=\"elementor-container elementor-column-gap-default\">\n\t\t\t\t\t<div class=\"elementor-column elementor-col-100 elementor-top-column elementor-element elementor-element-ecaebc7\" data-id=\"ecaebc7\" data-element_type=\"column\">\n\t\t\t<div class=\"elementor-widget-wrap elementor-element-populated\">\n\t\t\t\t\t\t\t\t<div class=\"elementor-element elementor-element-9574ba4 elementor-widget elementor-widget-text-editor\" data-id=\"9574ba4\" data-element_type=\"widget\" data-widget_type=\"text-editor.default\">\n\t\t\t\t<div class=\"elementor-widget-container\">\n\t\t\t\t\t\t\t<p dir=\"ltr\" style=\"line-height:1.295;margin-top:0pt;margin-bottom:8pt;\"><span style=\"font-size:16pt;font-family:Calibri,sans-serif;color:#ff0000;background-color:transparent;font-weight:700;font-style:normal;font-variant:normal;text-decoration:none;vertical-align:baseline;white-space:pre;white-space:pre-wrap;\">Szanowni Rodzice!!!<\/span><\/p><p><b style=\"font-weight:normal;\"><br><\/b><\/p><p dir=\"ltr\" style=\"line-height:1.295;margin-top:0pt;margin-bottom:8pt;\"><span style=\"font-size:13.999999999999998pt;font-family:Calibri,sans-serif;color:#000000;background-color:transparent;font-weight:700;font-style:normal;font-variant:normal;text-decoration:none;vertical-align:baseline;white-space:pre;white-space:pre-wrap;\">W zwi\u0105zku z wprowadzeniem od 20.12.2021 zdalnego nauczania zmienia si\u0119 cena obiadu za miesi\u0105c grudzie\u0144. Je\u015bli kto\u015b z Pa\u0144stwa nie dokona\u0142 wp\u0142aty to op\u0142ata za grudzie\u0144 dla uczni\u00f3w klas I-VIII zostanie pomniejszona o  <\/span><span style=\"font-size:13.999999999999998pt;font-family:Calibri,sans-serif;color:#ff0000;background-color:transparent;font-weight:700;font-style:normal;font-variant:normal;text-decoration:none;vertical-align:baseline;white-space:pre;white-space:pre-wrap;\">15 z\u0142 i wyniesie 65 z\u0142<\/span><span style=\"font-size:13.999999999999998pt;font-family:Calibri,sans-serif;color:#000000;background-color:transparent;font-weight:700;font-style:normal;font-variant:normal;text-decoration:none;vertical-align:baseline;white-space:pre;white-space:pre-wrap;\">, dla oddzia\u0142u przedszkolnego pozostaje 80 z\u0142.<\/span><\/p><p><\/p><p dir=\"ltr\" style=\"line-height:1.295;margin-top:0pt;margin-bottom:8pt;\"><span style=\"font-size:13.999999999999998pt;font-family:Calibri,sans-serif;color:#000000;background-color:transparent;font-weight:700;font-style:normal;font-variant:normal;text-decoration:none;vertical-align:baseline;white-space:pre;white-space:pre-wrap;\">Rodzice uczni\u00f3w klas I-VIII, kt\u00f3rzy dokonali wp\u0142aty 80 z\u0142 otrzymaj\u0105 zwrot na konto.<\/span><\/p><div><span style=\"font-size:13.999999999999998pt;font-family:Calibri,sans-serif;color:#000000;background-color:transparent;font-weight:700;font-style:normal;font-variant:normal;text-decoration:none;vertical-align:baseline;white-space:pre;white-space:pre-wrap;\"><br><\/span><\/div>\t\t\t\t\t\t<\/div>\n\t\t\t\t<\/div>\n\t\t\t\t\t<\/div>\n\t\t<\/div>\n\t\t\t\t\t\t\t<\/div>\n\t\t<\/section>\n\t\t\t\t\t\t\t<\/div>\n\t\t","protected":false},"excerpt":{"rendered":"<p>Szanowni Rodzice!!! W zwi\u0105zku z wprowadzeniem od 20.12.2021 zdalnego nauczania zmienia si\u0119 cena obiadu za miesi\u0105c grudzie\u0144. Je\u015bli kto\u015b z &hellip; <\/p>\n","protected":false},"author":4,"featured_media":0,"comment_status":"closed","ping_status":"open","sticky":false,"template":"","format":"standard","meta":[],"categories":[29,42],"tags":[],"_links":{"self":[{"href":"https:\/\/splegowo.pl\/index.php\/wp-json\/wp\/v2\/posts\/16373"}],"collection":[{"href":"https:\/\/splegowo.pl\/index.php\/wp-json\/wp\/v2\/posts"}],"about":[{"href":"https:\/\/splegowo.pl\/index.php\/wp-json\/wp\/v2\/types\/post"}],"author":[{"embeddable":true,"href":"https:\/\/splegowo.pl\/index.php\/wp-json\/wp\/v2\/users\/4"}],"replies":[{"embeddable":true,"href":"https:\/\/splegowo.pl\/index.php\/wp-json\/wp\/v2\/comments?post=16373"}],"version-history":[{"count":5,"href":"https:\/\/splegowo.pl\/index.php\/wp-json\/wp\/v2\/posts\/16373\/revisions"}],"predecessor-version":[{"id":16378,"href":"https:\/\/splegowo.pl\/index.php\/wp-json\/wp\/v2\/posts\/16373\/revisions\/16378"}],"wp:attachment":[{"href":"https:\/\/splegowo.pl\/index.php\/wp-json\/wp\/v2\/media?parent=16373"}],"wp:term":[{"taxonomy":"category","embeddable":true,"href":"https:\/\/splegowo.pl\/index.php\/wp-json\/wp\/v2\/categories?post=16373"},{"taxonomy":"post_tag","embeddable":true,"href":"https:\/\/splegowo.pl\/index.php\/wp-json\/wp\/v2\/tags?post=16373"}],"curies":[{"name":"wp","href":"https:\/\/api.w.org\/{rel}","templated":true}]}}