{"id":16352,"date":"2021-12-08T18:23:56","date_gmt":"2021-12-08T17:23:56","guid":{"rendered":"http:\/\/splegowo.pl\/?p=16352"},"modified":"2021-12-08T18:38:47","modified_gmt":"2021-12-08T17:38:47","slug":"szczepienia-dzieci-w-wieku-5-11-lat","status":"publish","type":"post","link":"https:\/\/splegowo.pl\/index.php\/2021\/12\/08\/szczepienia-dzieci-w-wieku-5-11-lat\/","title":{"rendered":"Szczepienia dzieci w wieku 5-11 lat"},"content":{"rendered":"\t\t<div data-elementor-type=\"wp-post\" data-elementor-id=\"16352\" class=\"elementor elementor-16352\">\n\t\t\t\t\t\t\t\t\t<section class=\"elementor-section elementor-top-section elementor-element elementor-element-c6d697d elementor-section-boxed elementor-section-height-default elementor-section-height-default\" data-id=\"c6d697d\" data-element_type=\"section\">\n\t\t\t\t\t\t<div class=\"elementor-container elementor-column-gap-default\">\n\t\t\t\t\t<div class=\"elementor-column elementor-col-100 elementor-top-column elementor-element elementor-element-85618e1\" data-id=\"85618e1\" data-element_type=\"column\">\n\t\t\t<div class=\"elementor-widget-wrap elementor-element-populated\">\n\t\t\t\t\t\t\t\t<div class=\"elementor-element elementor-element-3de68ef elementor-widget elementor-widget-text-editor\" data-id=\"3de68ef\" data-element_type=\"widget\" data-widget_type=\"text-editor.default\">\n\t\t\t\t<div class=\"elementor-widget-container\">\n\t\t\t\t\t\t\t<div class=\"default-style\">Szanowni Pa\u0144stwo,<\/div><div class=\"default-style\"><p>w za\u0142\u0105czeniu\u00a0 wsp\u00f3lny list Ministra Edukacji i Nauki Przemys\u0142awa Czarnka oraz Ministra Zdrowia Adama Niedzielskiego dotycz\u0105cy szczepie\u0144 dzieci w wieku 5-11 lat przeciw COVID-19. W li\u015bcie ministrowie informuj\u0105 o rekomendacji Europejskiej Agencji Lek\u00f3w dotycz\u0105cej szczepie\u0144 w tej grupie wiekowej. Przytaczaj\u0105 tak\u017ce dane \u015bwiadcz\u0105ce o skuteczno\u015bci i bezpiecze\u0144stwie stosowania szczepionki w\u015br\u00f3d najm\u0142odszych.\u00a0<\/p><p>Informacje zawarte w li\u015bcie maj\u0105 pom\u00f3c rodzicom i opiekunom w podj\u0119ciu \u015bwiadomej i odpowiedzialnej decyzji dotycz\u0105cej szczepie\u0144 dzieci w wieku 5-11 lat.<\/p><ul><li><a href=\"https:\/\/splegowo.pl\/wp-content\/uploads\/2021\/12\/20211201listmeinmzszczepienia.pdf\" target=\"_blank\" rel=\"noopener\">Za\u0142\u0105cznik<\/a><\/li><\/ul><\/div>\t\t\t\t\t\t<\/div>\n\t\t\t\t<\/div>\n\t\t\t\t\t<\/div>\n\t\t<\/div>\n\t\t\t\t\t\t\t<\/div>\n\t\t<\/section>\n\t\t\t\t\t\t\t<\/div>\n\t\t","protected":false},"excerpt":{"rendered":"<p>Szanowni Pa\u0144stwo, w za\u0142\u0105czeniu&nbsp; wsp\u00f3lny list Ministra Edukacji i Nauki Przemys\u0142awa Czarnka oraz Ministra Zdrowia Adama Niedzielskiego dotycz\u0105cy szczepie\u0144 dzieci &hellip; <\/p>\n","protected":false},"author":1,"featured_media":0,"comment_status":"closed","ping_status":"open","sticky":false,"template":"","format":"standard","meta":[],"categories":[29,1],"tags":[],"_links":{"self":[{"href":"https:\/\/splegowo.pl\/index.php\/wp-json\/wp\/v2\/posts\/16352"}],"collection":[{"href":"https:\/\/splegowo.pl\/index.php\/wp-json\/wp\/v2\/posts"}],"about":[{"href":"https:\/\/splegowo.pl\/index.php\/wp-json\/wp\/v2\/types\/post"}],"author":[{"embeddable":true,"href":"https:\/\/splegowo.pl\/index.php\/wp-json\/wp\/v2\/users\/1"}],"replies":[{"embeddable":true,"href":"https:\/\/splegowo.pl\/index.php\/wp-json\/wp\/v2\/comments?post=16352"}],"version-history":[{"count":8,"href":"https:\/\/splegowo.pl\/index.php\/wp-json\/wp\/v2\/posts\/16352\/revisions"}],"predecessor-version":[{"id":16367,"href":"https:\/\/splegowo.pl\/index.php\/wp-json\/wp\/v2\/posts\/16352\/revisions\/16367"}],"wp:attachment":[{"href":"https:\/\/splegowo.pl\/index.php\/wp-json\/wp\/v2\/media?parent=16352"}],"wp:term":[{"taxonomy":"category","embeddable":true,"href":"https:\/\/splegowo.pl\/index.php\/wp-json\/wp\/v2\/categories?post=16352"},{"taxonomy":"post_tag","embeddable":true,"href":"https:\/\/splegowo.pl\/index.php\/wp-json\/wp\/v2\/tags?post=16352"}],"curies":[{"name":"wp","href":"https:\/\/api.w.org\/{rel}","templated":true}]}}