{"id":16086,"date":"2021-10-30T18:44:00","date_gmt":"2021-10-30T16:44:00","guid":{"rendered":"http:\/\/splegowo.pl\/?p=16086"},"modified":"2021-10-30T18:55:16","modified_gmt":"2021-10-30T16:55:16","slug":"14-pazdziernika-dzien-edukacji-narodowej","status":"publish","type":"post","link":"https:\/\/splegowo.pl\/index.php\/2021\/10\/30\/14-pazdziernika-dzien-edukacji-narodowej\/","title":{"rendered":"14 pa\u017adziernika \u2013 Dzie\u0144 Edukacji Narodowej"},"content":{"rendered":"\t\t<div data-elementor-type=\"wp-post\" data-elementor-id=\"16086\" class=\"elementor elementor-16086\">\n\t\t\t\t\t\t\t\t\t<section class=\"elementor-section elementor-top-section elementor-element elementor-element-97df22d elementor-section-boxed elementor-section-height-default elementor-section-height-default\" data-id=\"97df22d\" data-element_type=\"section\">\n\t\t\t\t\t\t<div class=\"elementor-container elementor-column-gap-default\">\n\t\t\t\t\t<div class=\"elementor-column elementor-col-100 elementor-top-column elementor-element elementor-element-fe04912\" data-id=\"fe04912\" data-element_type=\"column\">\n\t\t\t<div class=\"elementor-widget-wrap elementor-element-populated\">\n\t\t\t\t\t\t\t\t<div class=\"elementor-element elementor-element-ef4a1f0 elementor-widget elementor-widget-text-editor\" data-id=\"ef4a1f0\" data-element_type=\"widget\" data-widget_type=\"text-editor.default\">\n\t\t\t\t<div class=\"elementor-widget-container\">\n\t\t\t\t\t\t\t<p><span style=\"color: #000000;\">Z tej okazji uczniowie samorz\u0105du przygotowali dla nauczycieli s\u0142odki pocz\u0119stunek i udekorowali od\u015bwi\u0119tnie pok\u00f3j nauczycielski.<\/span><\/p><p>\u00a0<\/p><p>Szanowni Nauczyciele i Pracownicy<\/p><p>Z okazji Dnia Edukacji Narodowej, sk\u0142adamy Pa\u0144stwu wyrazy uznania<\/p><p>i szacunku za trud codziennej pracy.<\/p><p>Pragniemy Pa\u0144stwu podzi\u0119kowa\u0107 za wysi\u0142ek i oddanie w przekazywaniu wiedzy<\/p><p>oraz\u00a0warto\u015bci,\u00a0kt\u00f3re wp\u0142ywaj\u0105 na nasz rozw\u00f3j.<\/p><p>\u017byczymy wielu chwil rado\u015bci w Pa\u0144stwa pracy, satysfakcji z wykonywanych obowi\u0105zk\u00f3w,<\/p><p>wielu sukces\u00f3w oraz du\u017co zdrowia i szcz\u0119\u015bcia.<\/p><p style=\"text-align: right;\"><span style=\"color: #000000;\">Samorz\u0105d Uczniowski<\/span><\/p>\t\t\t\t\t\t<\/div>\n\t\t\t\t<\/div>\n\t\t\t\t\t<\/div>\n\t\t<\/div>\n\t\t\t\t\t\t\t<\/div>\n\t\t<\/section>\n\t\t\t\t\t\t\t<\/div>\n\t\t","protected":false},"excerpt":{"rendered":"<p>Z tej okazji uczniowie samorz\u0105du przygotowali dla nauczycieli s\u0142odki pocz\u0119stunek i udekorowali od\u015bwi\u0119tnie pok\u00f3j nauczycielski. \u00a0 Szanowni Nauczyciele i Pracownicy &hellip; <\/p>\n","protected":false},"author":1,"featured_media":0,"comment_status":"closed","ping_status":"open","sticky":false,"template":"","format":"standard","meta":[],"categories":[43],"tags":[],"_links":{"self":[{"href":"https:\/\/splegowo.pl\/index.php\/wp-json\/wp\/v2\/posts\/16086"}],"collection":[{"href":"https:\/\/splegowo.pl\/index.php\/wp-json\/wp\/v2\/posts"}],"about":[{"href":"https:\/\/splegowo.pl\/index.php\/wp-json\/wp\/v2\/types\/post"}],"author":[{"embeddable":true,"href":"https:\/\/splegowo.pl\/index.php\/wp-json\/wp\/v2\/users\/1"}],"replies":[{"embeddable":true,"href":"https:\/\/splegowo.pl\/index.php\/wp-json\/wp\/v2\/comments?post=16086"}],"version-history":[{"count":11,"href":"https:\/\/splegowo.pl\/index.php\/wp-json\/wp\/v2\/posts\/16086\/revisions"}],"predecessor-version":[{"id":16097,"href":"https:\/\/splegowo.pl\/index.php\/wp-json\/wp\/v2\/posts\/16086\/revisions\/16097"}],"wp:attachment":[{"href":"https:\/\/splegowo.pl\/index.php\/wp-json\/wp\/v2\/media?parent=16086"}],"wp:term":[{"taxonomy":"category","embeddable":true,"href":"https:\/\/splegowo.pl\/index.php\/wp-json\/wp\/v2\/categories?post=16086"},{"taxonomy":"post_tag","embeddable":true,"href":"https:\/\/splegowo.pl\/index.php\/wp-json\/wp\/v2\/tags?post=16086"}],"curies":[{"name":"wp","href":"https:\/\/api.w.org\/{rel}","templated":true}]}}