{"id":16071,"date":"2021-10-25T19:36:57","date_gmt":"2021-10-25T17:36:57","guid":{"rendered":"http:\/\/splegowo.pl\/?p=16071"},"modified":"2021-10-30T17:51:32","modified_gmt":"2021-10-30T15:51:32","slug":"kalendarzowy-pierwszy-dzien-jesieni","status":"publish","type":"post","link":"https:\/\/splegowo.pl\/index.php\/2021\/10\/25\/kalendarzowy-pierwszy-dzien-jesieni\/","title":{"rendered":"Kalendarzowy Pierwszy Dzie\u0144 Jesieni"},"content":{"rendered":"\t\t<div data-elementor-type=\"wp-post\" data-elementor-id=\"16071\" class=\"elementor elementor-16071\">\n\t\t\t\t\t\t\t\t\t<section class=\"elementor-section elementor-top-section elementor-element elementor-element-421b4a0 elementor-section-boxed elementor-section-height-default elementor-section-height-default\" data-id=\"421b4a0\" data-element_type=\"section\">\n\t\t\t\t\t\t<div class=\"elementor-container elementor-column-gap-default\">\n\t\t\t\t\t<div class=\"elementor-column elementor-col-100 elementor-top-column elementor-element elementor-element-af6df91\" data-id=\"af6df91\" data-element_type=\"column\">\n\t\t\t<div class=\"elementor-widget-wrap elementor-element-populated\">\n\t\t\t\t\t\t\t\t<div class=\"elementor-element elementor-element-8249f5d elementor-widget elementor-widget-text-editor\" data-id=\"8249f5d\" data-element_type=\"widget\" data-widget_type=\"text-editor.default\">\n\t\t\t\t<div class=\"elementor-widget-container\">\n\t\t\t\t\t\t\t<p>23 wrze\u015bnia \u015bwi\u0119towali\u015bmy Kalendarzowy Pierwszy Dzie\u0144 Jesieni.\u00a0W tym dniu uczniowie przyszli do szko\u0142y ubrani w barwy jesieni. Cz\u0142onkowie samorz\u0105du liczyli ilu uczni\u00f3w w ka\u017cdej klasie by\u0142o tak ubranych.<\/p><p>Wyniki przedstawiaj\u0105 si\u0119 nast\u0119puj\u0105co:<\/p>\t\t\t\t\t\t<\/div>\n\t\t\t\t<\/div>\n\t\t\t\t\t<\/div>\n\t\t<\/div>\n\t\t\t\t\t\t\t<\/div>\n\t\t<\/section>\n\t\t\t\t<section class=\"elementor-section elementor-top-section elementor-element elementor-element-de20cf2 elementor-section-boxed elementor-section-height-default elementor-section-height-default\" data-id=\"de20cf2\" data-element_type=\"section\">\n\t\t\t\t\t\t<div class=\"elementor-container elementor-column-gap-default\">\n\t\t\t\t\t<div class=\"elementor-column elementor-col-100 elementor-top-column elementor-element elementor-element-3acbeb3\" data-id=\"3acbeb3\" data-element_type=\"column\">\n\t\t\t<div class=\"elementor-widget-wrap elementor-element-populated\">\n\t\t\t\t\t\t\t\t<div class=\"elementor-element elementor-element-b86f94b elementor-widget elementor-widget-image\" data-id=\"b86f94b\" data-element_type=\"widget\" data-widget_type=\"image.default\">\n\t\t\t\t<div class=\"elementor-widget-container\">\n\t\t\t\t\t\t\t\t\t\t\t\t\t\t\t<img decoding=\"async\" width=\"750\" height=\"351\" src=\"https:\/\/splegowo.pl\/wp-content\/uploads\/2021\/10\/tabela.png\" class=\"attachment-large size-large wp-image-16074\" alt=\"\" loading=\"lazy\" srcset=\"https:\/\/splegowo.pl\/wp-content\/uploads\/2021\/10\/tabela.png 781w, https:\/\/splegowo.pl\/wp-content\/uploads\/2021\/10\/tabela-300x140.png 300w, https:\/\/splegowo.pl\/wp-content\/uploads\/2021\/10\/tabela-768x359.png 768w\" sizes=\"(max-width: 750px) 100vw, 750px\" \/>\t\t\t\t\t\t\t\t\t\t\t\t\t\t\t<\/div>\n\t\t\t\t<\/div>\n\t\t\t\t\t<\/div>\n\t\t<\/div>\n\t\t\t\t\t\t\t<\/div>\n\t\t<\/section>\n\t\t\t\t\t\t\t<\/div>\n\t\t","protected":false},"excerpt":{"rendered":"<p>23 wrze\u015bnia \u015bwi\u0119towali\u015bmy Kalendarzowy Pierwszy Dzie\u0144 Jesieni.&nbsp;W tym dniu uczniowie przyszli do szko\u0142y ubrani w barwy jesieni. Cz\u0142onkowie samorz\u0105du liczyli &hellip; <\/p>\n","protected":false},"author":1,"featured_media":0,"comment_status":"closed","ping_status":"open","sticky":false,"template":"","format":"standard","meta":[],"categories":[43],"tags":[],"_links":{"self":[{"href":"https:\/\/splegowo.pl\/index.php\/wp-json\/wp\/v2\/posts\/16071"}],"collection":[{"href":"https:\/\/splegowo.pl\/index.php\/wp-json\/wp\/v2\/posts"}],"about":[{"href":"https:\/\/splegowo.pl\/index.php\/wp-json\/wp\/v2\/types\/post"}],"author":[{"embeddable":true,"href":"https:\/\/splegowo.pl\/index.php\/wp-json\/wp\/v2\/users\/1"}],"replies":[{"embeddable":true,"href":"https:\/\/splegowo.pl\/index.php\/wp-json\/wp\/v2\/comments?post=16071"}],"version-history":[{"count":5,"href":"https:\/\/splegowo.pl\/index.php\/wp-json\/wp\/v2\/posts\/16071\/revisions"}],"predecessor-version":[{"id":16078,"href":"https:\/\/splegowo.pl\/index.php\/wp-json\/wp\/v2\/posts\/16071\/revisions\/16078"}],"wp:attachment":[{"href":"https:\/\/splegowo.pl\/index.php\/wp-json\/wp\/v2\/media?parent=16071"}],"wp:term":[{"taxonomy":"category","embeddable":true,"href":"https:\/\/splegowo.pl\/index.php\/wp-json\/wp\/v2\/categories?post=16071"},{"taxonomy":"post_tag","embeddable":true,"href":"https:\/\/splegowo.pl\/index.php\/wp-json\/wp\/v2\/tags?post=16071"}],"curies":[{"name":"wp","href":"https:\/\/api.w.org\/{rel}","templated":true}]}}