{"id":15877,"date":"2021-10-12T22:19:56","date_gmt":"2021-10-12T20:19:56","guid":{"rendered":"http:\/\/splegowo.pl\/?p=15877"},"modified":"2021-10-12T22:29:25","modified_gmt":"2021-10-12T20:29:25","slug":"rodzina-live","status":"publish","type":"post","link":"https:\/\/splegowo.pl\/index.php\/2021\/10\/12\/rodzina-live\/","title":{"rendered":"&#8222;Rodzina LIVE!&#8221;"},"content":{"rendered":"\t\t<div data-elementor-type=\"wp-post\" data-elementor-id=\"15877\" class=\"elementor elementor-15877\">\n\t\t\t\t\t\t\t\t\t<section class=\"elementor-section elementor-top-section elementor-element elementor-element-cd203aa elementor-section-boxed elementor-section-height-default elementor-section-height-default\" data-id=\"cd203aa\" data-element_type=\"section\">\n\t\t\t\t\t\t<div class=\"elementor-container elementor-column-gap-default\">\n\t\t\t\t\t<div class=\"elementor-column elementor-col-100 elementor-top-column elementor-element elementor-element-c8ee912\" data-id=\"c8ee912\" data-element_type=\"column\">\n\t\t\t<div class=\"elementor-widget-wrap elementor-element-populated\">\n\t\t\t\t\t\t\t\t<div class=\"elementor-element elementor-element-27eda44 elementor-widget elementor-widget-text-editor\" data-id=\"27eda44\" data-element_type=\"widget\" data-widget_type=\"text-editor.default\">\n\t\t\t\t<div class=\"elementor-widget-container\">\n\t\t\t\t\t\t\t<p><em>Czym tak naprawd\u0119 jest rodzina? Jak tworzy\u0107 i piel\u0119gnowa\u0107 zdrowe relacje rodzinne? Z czym mierz\u0105 si\u0119 wsp\u00f3\u0142cze\u015bni rodzice? Co daje i do czego zobowi\u0105zuje rodzicielstwo?<\/em><\/p><p><em>\u00a0<\/em><\/p><p>Na te pytania odpowiedz\u0105 eksperci z r\u00f3\u017cnych dziedzin &#8211; psychologii, socjologii, historii, oraz praktycy &#8211; rodzice, dziadkowie, ma\u0142\u017conkowie, dzieci i osoby m\u0142ode w Programie <strong>\u201eRodzina LIVE!\u201d<\/strong> <strong>ju\u017c 5 pa\u017adziernika o godz. 18:00<\/strong> w Studiu <strong>Fundacji Wiem i Umiem<\/strong>.\u00a0<\/p><p>Program dotyczy cyklu <strong>12 spotka\u0144 transmitowanych na \u017cywo<\/strong>, kt\u00f3re b\u0119d\u0105 dost\u0119pne i zapisane na <strong>Facebooku<\/strong> i kanale <strong>YouTube<\/strong>. Celem jest przedstawienie zagadnie\u0144 istotnych w kontek\u015bcie potrzeb i problem\u00f3w wsp\u00f3\u0142czesnych rodzin.\u00a0<\/p><p>Zapraszamy do wzi\u0119cia udzia\u0142u w wydarzeniu:\u00a0<a href=\"https:\/\/www.facebook.com\/events\/841326746754465\" target=\"_blank\" rel=\"noopener\">https:\/\/www.facebook.com\/events\/841326746754465<\/a><\/p><p>Zach\u0119camy do polubienia nas na Facebooku oraz Instagramie, a tak\u017ce subskrypcji kana\u0142u na YouTube.<\/p><ul><li>Facebook: <a href=\"https:\/\/www.facebook.com\/rodzinanaplanie\" target=\"_blank\" rel=\"noopener\">https:\/\/www.facebook.com\/rodzinanaplanie<\/a><\/li><li>YouTube: <a href=\"https:\/\/youtu.be\/7ccl0g7-Muo?fbclid=IwAR0OwJCeMplAR1y1Pb1V5wV1V0k8_O60ZU3mvV4-5gOK7qxc8y_-nHqXMXs\" target=\"_blank\" rel=\"noopener\">https:\/\/youtu.be\/7ccl0g7-Muo<\/a><\/li><li>Instagram: <a href=\"https:\/\/www.instagram.com\/rodzina_na_planie\/\" target=\"_blank\" rel=\"noopener\">https:\/\/www.instagram.com\/rodzina_na_planie\/<\/a><\/li><\/ul><p>E-mail: rodzinanaplanie@gmail.com<\/p>\t\t\t\t\t\t<\/div>\n\t\t\t\t<\/div>\n\t\t\t\t\t<\/div>\n\t\t<\/div>\n\t\t\t\t\t\t\t<\/div>\n\t\t<\/section>\n\t\t\t\t<section class=\"elementor-section elementor-top-section elementor-element elementor-element-abeda57 elementor-section-boxed elementor-section-height-default elementor-section-height-default\" data-id=\"abeda57\" data-element_type=\"section\">\n\t\t\t\t\t\t<div class=\"elementor-container elementor-column-gap-default\">\n\t\t\t\t\t<div class=\"elementor-column elementor-col-100 elementor-top-column elementor-element elementor-element-41b8a0e\" data-id=\"41b8a0e\" data-element_type=\"column\">\n\t\t\t<div class=\"elementor-widget-wrap elementor-element-populated\">\n\t\t\t\t\t\t\t\t<div class=\"elementor-element elementor-element-858288d elementor-widget elementor-widget-image\" data-id=\"858288d\" data-element_type=\"widget\" data-widget_type=\"image.default\">\n\t\t\t\t<div class=\"elementor-widget-container\">\n\t\t\t\t\t\t\t\t\t\t\t\t\t\t\t<img decoding=\"async\" width=\"750\" height=\"393\" src=\"https:\/\/splegowo.pl\/wp-content\/uploads\/2021\/10\/Zalacznik-1-1024x536.jpg\" class=\"attachment-large size-large wp-image-15882\" alt=\"\" loading=\"lazy\" srcset=\"https:\/\/splegowo.pl\/wp-content\/uploads\/2021\/10\/Zalacznik-1-1024x536.jpg 1024w, https:\/\/splegowo.pl\/wp-content\/uploads\/2021\/10\/Zalacznik-1-300x157.jpg 300w, https:\/\/splegowo.pl\/wp-content\/uploads\/2021\/10\/Zalacznik-1-768x402.jpg 768w, https:\/\/splegowo.pl\/wp-content\/uploads\/2021\/10\/Zalacznik-1-1536x804.jpg 1536w, https:\/\/splegowo.pl\/wp-content\/uploads\/2021\/10\/Zalacznik-1-2048x1072.jpg 2048w\" sizes=\"(max-width: 750px) 100vw, 750px\" \/>\t\t\t\t\t\t\t\t\t\t\t\t\t\t\t<\/div>\n\t\t\t\t<\/div>\n\t\t\t\t\t<\/div>\n\t\t<\/div>\n\t\t\t\t\t\t\t<\/div>\n\t\t<\/section>\n\t\t\t\t\t\t\t<\/div>\n\t\t","protected":false},"excerpt":{"rendered":"<p>Czym tak naprawd\u0119 jest rodzina? Jak tworzy\u0107 i piel\u0119gnowa\u0107 zdrowe relacje rodzinne? Z czym mierz\u0105 si\u0119 wsp\u00f3\u0142cze\u015bni rodzice? Co daje &hellip; <\/p>\n","protected":false},"author":1,"featured_media":0,"comment_status":"closed","ping_status":"open","sticky":false,"template":"","format":"standard","meta":[],"categories":[29,1],"tags":[],"_links":{"self":[{"href":"https:\/\/splegowo.pl\/index.php\/wp-json\/wp\/v2\/posts\/15877"}],"collection":[{"href":"https:\/\/splegowo.pl\/index.php\/wp-json\/wp\/v2\/posts"}],"about":[{"href":"https:\/\/splegowo.pl\/index.php\/wp-json\/wp\/v2\/types\/post"}],"author":[{"embeddable":true,"href":"https:\/\/splegowo.pl\/index.php\/wp-json\/wp\/v2\/users\/1"}],"replies":[{"embeddable":true,"href":"https:\/\/splegowo.pl\/index.php\/wp-json\/wp\/v2\/comments?post=15877"}],"version-history":[{"count":16,"href":"https:\/\/splegowo.pl\/index.php\/wp-json\/wp\/v2\/posts\/15877\/revisions"}],"predecessor-version":[{"id":15894,"href":"https:\/\/splegowo.pl\/index.php\/wp-json\/wp\/v2\/posts\/15877\/revisions\/15894"}],"wp:attachment":[{"href":"https:\/\/splegowo.pl\/index.php\/wp-json\/wp\/v2\/media?parent=15877"}],"wp:term":[{"taxonomy":"category","embeddable":true,"href":"https:\/\/splegowo.pl\/index.php\/wp-json\/wp\/v2\/categories?post=15877"},{"taxonomy":"post_tag","embeddable":true,"href":"https:\/\/splegowo.pl\/index.php\/wp-json\/wp\/v2\/tags?post=15877"}],"curies":[{"name":"wp","href":"https:\/\/api.w.org\/{rel}","templated":true}]}}