{"id":15522,"date":"2021-09-17T23:17:38","date_gmt":"2021-09-17T21:17:38","guid":{"rendered":"http:\/\/pruszczgdanski.home.pl\/autoinstalator\/wordpressplugins2\/?p=15522"},"modified":"2021-10-12T22:42:10","modified_gmt":"2021-10-12T20:42:10","slug":"wywoz-elektrosmieci","status":"publish","type":"post","link":"https:\/\/splegowo.pl\/index.php\/2021\/09\/17\/wywoz-elektrosmieci\/","title":{"rendered":"Zbi\u00f3rka i wyw\u00f3z elektro\u015bmieci"},"content":{"rendered":"\t\t<div data-elementor-type=\"wp-post\" data-elementor-id=\"15522\" class=\"elementor elementor-15522\">\n\t\t\t\t\t\t\t\t\t<section class=\"elementor-section elementor-top-section elementor-element elementor-element-ba00bd5 elementor-section-boxed elementor-section-height-default elementor-section-height-default\" data-id=\"ba00bd5\" data-element_type=\"section\">\n\t\t\t\t\t\t<div class=\"elementor-container elementor-column-gap-default\">\n\t\t\t\t\t<div class=\"elementor-column elementor-col-100 elementor-top-column elementor-element elementor-element-3b638ad\" data-id=\"3b638ad\" data-element_type=\"column\">\n\t\t\t<div class=\"elementor-widget-wrap elementor-element-populated\">\n\t\t\t\t\t\t\t\t<div class=\"elementor-element elementor-element-ada1825 elementor-widget elementor-widget-text-editor\" data-id=\"ada1825\" data-element_type=\"widget\" data-widget_type=\"text-editor.default\">\n\t\t\t\t<div class=\"elementor-widget-container\">\n\t\t\t\t\t\t\t<div style=\"color: #222222; font-family: Arial, Helvetica, sans-serif; font-size: small;\"><p>Nasza szko\u0142a przyst\u0105pi\u0142a do projektu <strong>\u201cWszystkie dzieci zbieraj\u0105 elektro\u015bmieci\u201d<\/strong>.<span class=\"im\" style=\"color: #500050;\"><br \/>Akcja ma na celu podniesienie \u015bwiadomo\u015bci ekologicznej w\u015br\u00f3d dzieci i m\u0142odzie\u017cy,\u00a0oraz prawid\u0142owego gospodarowania odpadami.<\/span><\/p><p>W zamian za przyniesiony zu\u017cyty sprz\u0119t elektroniczny i elektryczny szko\u0142a otrzyma bony wymienne na nagrody rzeczowe w postaci sprz\u0119tu sportowego lub materia\u0142\u00f3w biurowych. Jedynym warunkiem jest mobilizacja do dzia\u0142ania, porz\u0105dki domowe i ch\u0119ci! Do akcji szkolnej mog\u0105 przy\u0142\u0105czy\u0107 si\u0119 r\u00f3wnie\u017c firmy i instytucje, kt\u00f3re oddadz\u0105 sprz\u0119t dla wybranej szko\u0142y.<\/p><\/div><div style=\"color: #222222; font-family: Arial, Helvetica, sans-serif; font-size: small;\">\u00a0<\/div><div style=\"color: #222222; font-family: Arial, Helvetica, sans-serif; font-size: small;\"><p>W poniedzia\u0142ek i wtorek (20-21.09.2021r.) w wyznaczonym miejscu przy wiacie \u015bmietnikowej (przy parkingu i boisku szkolnym) na terenie szko\u0142y b\u0119d\u0105 zbierane elektro\u015bmieci.<\/p><div>\u00a0<\/div><div><p><span class=\"im\" style=\"color: #500050;\">ZBIERAMY: KOMPUTERY, DRUKARKI, MONITORY, TELEFONY, SPRZ\u0118T RTV I AGD, BATERIE, AKUMULATORY, KABLE,\u00a0TUSZE ATRAMENTOWE, ITP.\u00a0<b><span style=\"color: #ff0000;\">NIE ODBIERAMY TONER\u00d3W I \u015aWIETL\u00d3WEK<\/span><\/b><br clear=\"all\" \/><\/span><\/p><div><div dir=\"ltr\" data-smartmail=\"gmail_signature\"><div dir=\"ltr\"><div>\u00a0<span style=\"font-weight: var( --e-global-typography-text-font-weight );\">\u00a0<\/span><\/div><div><span style=\"color: #000000; font-family: Arial; white-space: pre-wrap;\">Informacje o akcji: <\/span><a style=\"color: #1155cc;\" href=\"http:\/\/dzieci-zbieraja-elektrosmieci.pl\/ciekawostki-ekologiczne\/\" target=\"_blank\" rel=\"noopener\" data-saferedirecturl=\"https:\/\/www.google.com\/url?q=http:\/\/dzieci-zbieraja-elektrosmieci.pl\/ciekawostki-ekologiczne\/&amp;source=gmail&amp;ust=1631961811383000&amp;usg=AFQjCNG3fSxDKWbvX4k9mJfF-CJmM4B58A\">http:\/\/dzieci-zbieraja-<wbr \/>elektrosmieci.pl\/<\/a>\u00a0oraz filmik instrukta\u017cowy &#8222;Jak prawid\u0142owo pozby\u0107 si\u0119 zu\u017cytego sprz\u0119tu elektrycznego&#8221;:\u00a0<a style=\"color: #1155cc;\" href=\"https:\/\/www.youtube.com\/watch?v=k7XoAPrhqu4\" target=\"_blank\" rel=\"noopener\" data-saferedirecturl=\"https:\/\/www.google.com\/url?q=https:\/\/www.youtube.com\/watch?v%3Dk7XoAPrhqu4&amp;source=gmail&amp;ust=1631961811383000&amp;usg=AFQjCNF0y0rvnb22-hq3G_AGQAtqNfrP7g\">https:\/\/www.<wbr \/>youtube.com\/watch?v=<wbr \/>k7XoAPrhqu4<\/a><\/div><\/div><\/div><\/div><\/div><\/div>\t\t\t\t\t\t<\/div>\n\t\t\t\t<\/div>\n\t\t\t\t\t<\/div>\n\t\t<\/div>\n\t\t\t\t\t\t\t<\/div>\n\t\t<\/section>\n\t\t\t\t\t\t\t<\/div>\n\t\t","protected":false},"excerpt":{"rendered":"<p>Bezp\u0142atna zbi\u00f3rka elektro\u015bmieci &#8211; 20-21.09.2021<\/p>\n","protected":false},"author":1,"featured_media":15533,"comment_status":"closed","ping_status":"open","sticky":false,"template":"","format":"standard","meta":[],"categories":[29,1],"tags":[],"_links":{"self":[{"href":"https:\/\/splegowo.pl\/index.php\/wp-json\/wp\/v2\/posts\/15522"}],"collection":[{"href":"https:\/\/splegowo.pl\/index.php\/wp-json\/wp\/v2\/posts"}],"about":[{"href":"https:\/\/splegowo.pl\/index.php\/wp-json\/wp\/v2\/types\/post"}],"author":[{"embeddable":true,"href":"https:\/\/splegowo.pl\/index.php\/wp-json\/wp\/v2\/users\/1"}],"replies":[{"embeddable":true,"href":"https:\/\/splegowo.pl\/index.php\/wp-json\/wp\/v2\/comments?post=15522"}],"version-history":[{"count":1,"href":"https:\/\/splegowo.pl\/index.php\/wp-json\/wp\/v2\/posts\/15522\/revisions"}],"predecessor-version":[{"id":15904,"href":"https:\/\/splegowo.pl\/index.php\/wp-json\/wp\/v2\/posts\/15522\/revisions\/15904"}],"wp:featuredmedia":[{"embeddable":true,"href":"https:\/\/splegowo.pl\/index.php\/wp-json\/wp\/v2\/media\/15533"}],"wp:attachment":[{"href":"https:\/\/splegowo.pl\/index.php\/wp-json\/wp\/v2\/media?parent=15522"}],"wp:term":[{"taxonomy":"category","embeddable":true,"href":"https:\/\/splegowo.pl\/index.php\/wp-json\/wp\/v2\/categories?post=15522"},{"taxonomy":"post_tag","embeddable":true,"href":"https:\/\/splegowo.pl\/index.php\/wp-json\/wp\/v2\/tags?post=15522"}],"curies":[{"name":"wp","href":"https:\/\/api.w.org\/{rel}","templated":true}]}}