{"id":15414,"date":"2020-10-08T11:58:00","date_gmt":"2020-10-08T09:58:00","guid":{"rendered":"http:\/\/pruszczgdanski.home.pl\/autoinstalator\/wordpressplugins2\/?p=15414"},"modified":"2021-09-02T23:42:54","modified_gmt":"2021-09-02T21:42:54","slug":"pasowanie-klas-drugich-na-czytelnikow-biblioteki-szkolnej-12-10-2020-r","status":"publish","type":"post","link":"https:\/\/splegowo.pl\/index.php\/2020\/10\/08\/pasowanie-klas-drugich-na-czytelnikow-biblioteki-szkolnej-12-10-2020-r\/","title":{"rendered":"PASOWANIE KLAS DRUGICH NA CZYTELNIK\u00d3W BIBLIOTEKI SZKOLNEJ &#8211; 12.10.2020 r."},"content":{"rendered":"\t\t<div data-elementor-type=\"wp-post\" data-elementor-id=\"15414\" class=\"elementor elementor-15414\">\n\t\t\t\t\t\t\t\t\t<section class=\"elementor-section elementor-top-section elementor-element elementor-element-dc3cf55 elementor-section-boxed elementor-section-height-default elementor-section-height-default\" data-id=\"dc3cf55\" data-element_type=\"section\">\n\t\t\t\t\t\t<div class=\"elementor-container elementor-column-gap-default\">\n\t\t\t\t\t<div class=\"elementor-column elementor-col-100 elementor-top-column elementor-element elementor-element-9e1912a\" data-id=\"9e1912a\" data-element_type=\"column\">\n\t\t\t<div class=\"elementor-widget-wrap elementor-element-populated\">\n\t\t\t\t\t\t\t\t<div class=\"elementor-element elementor-element-329460e elementor-widget elementor-widget-text-editor\" data-id=\"329460e\" data-element_type=\"widget\" data-widget_type=\"text-editor.default\">\n\t\t\t\t<div class=\"elementor-widget-container\">\n\t\t\t\t\t\t\t<p style=\"text-indent: 35pt; margin-bottom: 0;\">Przys\u0142owie g\u0142osi &#8222;Co si\u0119 odwlecze, to nie uciecze&#8221; i tak rzeczywi\u015bcie by\u0142o z uroczysto\u015bci\u0105 &#8222;Pasowanie na Czytelnika&#8221;, w obecnych klasach drugich. Odby\u0142o si\u0119, ju\u017c teraz bez przeszk\u00f3d, w dniu 12 pa\u017adziernika 2020 roku. Wiosenna pandemia i zamkni\u0119cie szk\u00f3\u0142 uniemo\u017cliwi\u0142o uczniom przyst\u0105pienie do \u015blubowania w ustalonym terminie. Na dzisiejsze \u015bwi\u0119to do \u015bwietlicy szkolnej o godzinie 11.10 przyby\u0142y w komplecie klasy IIa, IIb, IIc, na czele z wychowawczyniami. Na tle kolorowych dekoracji, specjalnie przygotowanych z tej okazji, drugoklasi\u015bci pi\u0119knie i z przej\u0119ciem deklamowali wierszyki i piosenk\u0119 o ksi\u0105\u017cce, podkre\u015blaj\u0105c mo\u017cliwo\u015bci i wielk\u0105 warto\u015b\u0107 jak\u0105 posiada s\u0142owo pisane, zawarte w dobrej ksi\u0105\u017cce.<\/p>\n<p style=\"text-indent: 35pt; margin-top: 0; margin-bottom: 0;\">S\u0142owo m\u00f3wione by\u0142o wzbogacone muzyk\u0105. Piosenki o bajkach i zaletach ksi\u0105\u017cki i czytania za\u015bpiewa\u0142y uczennice z klasy VIIc i VIIIa. Kulminacyjnym momentem uroczysto\u015bci by\u0142o \u015blubowanie, a nast\u0119pnie pasowanie wszystkich uczni\u00f3w klas drugich na czytelnik\u00f3w szkolnej biblioteki. Pasowania dokonali wicedyrektorzy w osobach, Pani Bo\u017ceny Kisiel i Pana Marcina Krawisza, na czele z Dyrektor Szko\u0142y, Pani\u0105 El\u017cbiet\u0105 Dzia\u0142oszewsk\u0105. Wszyscy pasowani czytelnicy otrzymali r\u0119cznie wykonane przez uczni\u00f3w klas starszych zak\u0142adki do ksi\u0105\u017cek. Po uroczysto\u015bci uczniowie klas drugich udali si\u0119 do biblioteki na lekcj\u0119 biblioteczn\u0105. By\u0142o to prawdziwe \u015bwi\u0119to ksi\u0105\u017cki i czytania po\u0142\u0105czone z teatrem kamishibai.<\/p>\n<p style=\"text-indent: 35pt; margin-top: 0; margin-bottom: 0;\">Ca\u0142\u0105 uroczysto\u015b\u0107 w postaci zdj\u0119\u0107 i zgrabnego filmiku nakr\u0119ci\u0142a Pani Agnieszka Suchcicka, aby Rodzice i Dziadkowie mieli mo\u017cliwo\u015b\u0107 chocia\u017c po\u015brednio uczestniczy\u0107 w tym wa\u017cnym dla ich dzieci i wnuk\u00f3w wydarzeniu, poniewa\u017c ze wzgl\u0119du na obostrzenia pandemiczne nie mogli by\u0107 na nim obecni.<\/p>\n<p align=\"center\"><a href=\"https:\/\/drive.google.com\/file\/d\/1vl6f3Y9WfqhQgnrgGcv7WiuybOURASXK\/view?usp=sharing\" target=\"_blank\" rel=\"noopener\"> &#8211; &#8211; &#8211; + + + &#8211; F I L M &#8211; + + + &#8211; &#8211; &#8211; <\/a><\/p>\t\t\t\t\t\t<\/div>\n\t\t\t\t<\/div>\n\t\t\t\t\t<\/div>\n\t\t<\/div>\n\t\t\t\t\t\t\t<\/div>\n\t\t<\/section>\n\t\t\t\t\t\t\t<\/div>\n\t\t","protected":false},"excerpt":{"rendered":"<p>Przys\u0142owie g\u0142osi &#8222;Co si\u0119 odwlecze, to nie uciecze&#8221; i tak rzeczywi\u015bcie by\u0142o z uroczysto\u015bci\u0105 &#8222;Pasowanie na Czytelnika&#8221;, w obecnych klasach &hellip; <\/p>\n","protected":false},"author":4,"featured_media":0,"comment_status":"closed","ping_status":"open","sticky":false,"template":"","format":"standard","meta":[],"categories":[1,56],"tags":[],"_links":{"self":[{"href":"https:\/\/splegowo.pl\/index.php\/wp-json\/wp\/v2\/posts\/15414"}],"collection":[{"href":"https:\/\/splegowo.pl\/index.php\/wp-json\/wp\/v2\/posts"}],"about":[{"href":"https:\/\/splegowo.pl\/index.php\/wp-json\/wp\/v2\/types\/post"}],"author":[{"embeddable":true,"href":"https:\/\/splegowo.pl\/index.php\/wp-json\/wp\/v2\/users\/4"}],"replies":[{"embeddable":true,"href":"https:\/\/splegowo.pl\/index.php\/wp-json\/wp\/v2\/comments?post=15414"}],"version-history":[{"count":0,"href":"https:\/\/splegowo.pl\/index.php\/wp-json\/wp\/v2\/posts\/15414\/revisions"}],"wp:attachment":[{"href":"https:\/\/splegowo.pl\/index.php\/wp-json\/wp\/v2\/media?parent=15414"}],"wp:term":[{"taxonomy":"category","embeddable":true,"href":"https:\/\/splegowo.pl\/index.php\/wp-json\/wp\/v2\/categories?post=15414"},{"taxonomy":"post_tag","embeddable":true,"href":"https:\/\/splegowo.pl\/index.php\/wp-json\/wp\/v2\/tags?post=15414"}],"curies":[{"name":"wp","href":"https:\/\/api.w.org\/{rel}","templated":true}]}}