{"id":15406,"date":"2021-01-30T11:22:00","date_gmt":"2021-01-30T10:22:00","guid":{"rendered":"http:\/\/pruszczgdanski.home.pl\/autoinstalator\/wordpressplugins2\/?p=15406"},"modified":"2021-09-06T11:34:53","modified_gmt":"2021-09-06T09:34:53","slug":"opieka-stomatologiczna-nad-uczniami-3","status":"publish","type":"post","link":"https:\/\/splegowo.pl\/index.php\/2021\/01\/30\/opieka-stomatologiczna-nad-uczniami-3\/","title":{"rendered":"Opieka stomatologiczna nad uczniami"},"content":{"rendered":"\t\t<div data-elementor-type=\"wp-post\" data-elementor-id=\"15406\" class=\"elementor elementor-15406\">\n\t\t\t\t\t\t\t\t\t<section class=\"elementor-section elementor-top-section elementor-element elementor-element-a0875ea elementor-section-boxed elementor-section-height-default elementor-section-height-default\" data-id=\"a0875ea\" data-element_type=\"section\">\n\t\t\t\t\t\t<div class=\"elementor-container elementor-column-gap-default\">\n\t\t\t\t\t<div class=\"elementor-column elementor-col-100 elementor-top-column elementor-element elementor-element-192b75b\" data-id=\"192b75b\" data-element_type=\"column\">\n\t\t\t<div class=\"elementor-widget-wrap elementor-element-populated\">\n\t\t\t\t\t\t\t\t<div class=\"elementor-element elementor-element-0c8d336 elementor-widget elementor-widget-text-editor\" data-id=\"0c8d336\" data-element_type=\"widget\" data-widget_type=\"text-editor.default\">\n\t\t\t\t<div class=\"elementor-widget-container\">\n\t\t\t\t\t\t\t<p><!-- wp:table --><\/p>\n<hr>\n<p style=\"text-indent: 35pt; margin-bottom: 0;\">Informuj\u0119, \u017ce na mocy porozumienia podpisanego przez Organ Prowadz\u0105cy, opiek\u0119 stomatologiczn\u0105 nad uczniami naszej szko\u0142y od 1 lutego do 31 grudnia 2021 r. sprawuje gabinet dentystyczny w Pruszczu Gda\u0144skim ul. Wal\u0105ga 3\/1A w dniach od poniedzia\u0142ku do soboty.<\/p>\n<p style=\"text-indent: 35pt; margin-top: 0; margin-bottom: 0;\">W poniedzia\u0142ki i czwartki w godzinach popo\u0142udniowych 14.00-18.00 w pozosta\u0142e dni od 8.00-14.00, w soboty od 9.00-12.00.<\/p>\n<p style=\"text-indent: 35pt; margin-top: 0; margin-bottom: 0;\">Przyj\u0119cie ucznia przez lekarza dentyst\u0119 wymaga wcze\u015bniejszej rejestracji.<\/p>\n<p style=\"text-indent: 35pt; margin-top: 0; margin-bottom: 0;\">Potwierdzeniem posiadania statusu ucznia danej szko\u0142y jest wa\u017cn\u0105 legitymacja szkolna.<\/p>\n<p style=\"text-indent: 35pt; margin-top: 0; margin-bottom: 0;\">Lekarz dentysta w ramach opieki wykonuje: <br>1. \u015awiadczenie og\u00f3lnostomatologiczne dla dzieci i m\u0142odzie\u017cy do uko\u0144czenia 18 roku \u017cycia <br>2. Profilaktyczne \u015bwiadczenie dla dzieci i m\u0142odzie\u017cy do uko\u0144czenia 18 roku \u017cycia &#8211; okre\u015blone w rozporz\u0105dzeniu Ministra Zdrowia z dnia 6 listopada 2013 r.<\/p>\n<p style=\"text-indent: 350pt; margin-top: 0; margin-bottom: 0;\">&nbsp; &nbsp; &nbsp; &nbsp; &nbsp; &nbsp; &nbsp; &nbsp; &nbsp; &nbsp; &nbsp; &nbsp; &nbsp; &nbsp; &nbsp; &nbsp; &nbsp; &nbsp; &nbsp; &nbsp; &nbsp; &nbsp; &nbsp; &nbsp; &nbsp; &nbsp; &nbsp; &nbsp; &nbsp; &nbsp; &nbsp; &nbsp; &nbsp; &nbsp;Dyrektor: El\u017cbieta Dzia\u0142oszewska<\/p>\n<p><!-- \/wp:table --><\/p>\t\t\t\t\t\t<\/div>\n\t\t\t\t<\/div>\n\t\t\t\t\t<\/div>\n\t\t<\/div>\n\t\t\t\t\t\t\t<\/div>\n\t\t<\/section>\n\t\t\t\t\t\t\t<\/div>\n\t\t","protected":false},"excerpt":{"rendered":"<p>Informuj\u0119, \u017ce na mocy porozumienia podpisanego przez Organ Prowadz\u0105cy, opiek\u0119 stomatologiczn\u0105 nad uczniami naszej szko\u0142y od 1 lutego do 31 &hellip; <\/p>\n","protected":false},"author":4,"featured_media":0,"comment_status":"closed","ping_status":"open","sticky":false,"template":"","format":"standard","meta":[],"categories":[29,36,42],"tags":[],"_links":{"self":[{"href":"https:\/\/splegowo.pl\/index.php\/wp-json\/wp\/v2\/posts\/15406"}],"collection":[{"href":"https:\/\/splegowo.pl\/index.php\/wp-json\/wp\/v2\/posts"}],"about":[{"href":"https:\/\/splegowo.pl\/index.php\/wp-json\/wp\/v2\/types\/post"}],"author":[{"embeddable":true,"href":"https:\/\/splegowo.pl\/index.php\/wp-json\/wp\/v2\/users\/4"}],"replies":[{"embeddable":true,"href":"https:\/\/splegowo.pl\/index.php\/wp-json\/wp\/v2\/comments?post=15406"}],"version-history":[{"count":0,"href":"https:\/\/splegowo.pl\/index.php\/wp-json\/wp\/v2\/posts\/15406\/revisions"}],"wp:attachment":[{"href":"https:\/\/splegowo.pl\/index.php\/wp-json\/wp\/v2\/media?parent=15406"}],"wp:term":[{"taxonomy":"category","embeddable":true,"href":"https:\/\/splegowo.pl\/index.php\/wp-json\/wp\/v2\/categories?post=15406"},{"taxonomy":"post_tag","embeddable":true,"href":"https:\/\/splegowo.pl\/index.php\/wp-json\/wp\/v2\/tags?post=15406"}],"curies":[{"name":"wp","href":"https:\/\/api.w.org\/{rel}","templated":true}]}}